{"id":6006,"date":"2026-01-30T10:49:43","date_gmt":"2026-01-30T08:49:43","guid":{"rendered":"http:\/\/igfergon.com.mx\/?p=6006"},"modified":"2026-01-30T10:49:44","modified_gmt":"2026-01-30T08:49:44","slug":"viernes-de-la-iii-semana-ordinaria-2","status":"publish","type":"post","link":"http:\/\/igfergon.com.mx\/?p=6006","title":{"rendered":"Viernes de la III Semana Ordinaria"},"content":{"rendered":"<div class=\"wp-block-image\">\n<figure class=\"aligncenter size-full\"><img loading=\"lazy\" decoding=\"async\" width=\"281\" height=\"179\" src=\"http:\/\/igfergon.com.mx\/wp-content\/uploads\/2026\/01\/Viernes-3SO.jpg\" alt=\"\" class=\"wp-image-6007\" srcset=\"http:\/\/igfergon.com.mx\/wp-content\/uploads\/2026\/01\/Viernes-3SO.jpg 281w, http:\/\/igfergon.com.mx\/wp-content\/uploads\/2026\/01\/Viernes-3SO-200x127.jpg 200w\" sizes=\"auto, (max-width: 281px) 100vw, 281px\" \/><\/figure>\n<\/div>\n\n\n<p><strong>2Sam 11,1-4.5-10.13-17<\/strong><\/p>\n\n\n\n<p>La primera lectura se centra en la figura del santo rey David, que cometi\u00f3 muchos pecados: el censo del pueblo y el asunto de Ur\u00edas, al que manda matar, tras haber dejado encinta a su mujer Betsab\u00e9. Elige el asesinato porque su plan para arreglar las cosas, despu\u00e9s del adulterio, fracasa miserablemente. David sigui\u00f3 su vida normal y tranquilo. \u00a1Su coraz\u00f3n ni se movi\u00f3! \u00bfC\u00f3mo el gran David, que es santo, que hab\u00eda hecho tantas cosas buenas y que estaba tan unido a Dios fue capaz de hacerlo? Porque eso no pasa de un d\u00eda para otro. El gran David fue resbalando lentamente.<\/p>\n\n\n\n<p>\u00a0Poco a poco el pecado se apodera del hombre aprovechando su comodidad. Todos somos pecadores, y a veces cometemos pecados del momento \u2013me enfado, insulto, y luego me arrepiento\u2013 y otras veces, en cambio, nos dejamos resbalar hacia un estado de vida donde todo parece normal. Normal, por ejemplo, como no pagar a la empleada dom\u00e9stica lo que se debe, o pagar la mitad de lo debido a quien trabaja en el campo. Pero es gente buena \u2013parece\u2013 la que hace eso, que va a Misa todos los domingos, que se dice cristiana. \u00bfPero c\u00f3mo haces eso? Porque has ca\u00eddo en un estado donde has perdido la conciencia del pecado. Y ese es uno de los males de nuestro tiempo. P\u00edo XII lo hab\u00eda dicho: perder la conciencia del pecado. \u201cSe puede hacer de todo\u2026\u201d, y al final se pasa una vida para resolver un problema.<\/p>\n\n\n\n<p>\u00a0No son cosas antiguas. Recuerdo un reciente asunto sucedido en Argentina con algunos j\u00f3venes jugadores de rugby que mataron a un compa\u00f1ero a golpes, tras una noche de\u00a0movida. \u00a1Chicos convertidos en una manada de lobos! Un hecho que abre interrogante sobre la educaci\u00f3n de los j\u00f3venes, sobre la sociedad. Muchas veces hace falta una bofetada de la vida para detenerse, para parar ese lento resbalar hacia el pecado. Hace falta una persona como el profeta Nat\u00e1n, enviado por Dios a David, para hacerle ver su error.<\/p>\n\n\n\n<p>\u00a0Pensemos un poco: \u00bfcu\u00e1l es la atm\u00f3sfera espiritual de mi vida? \u00bfEstoy atento, necesito siempre a alguien que me diga la verdad, o no, creo que no? \u00bfEscucho la reprimenda de alg\u00fan amigo, del confesor, del marido, de la mujer, de los hijos\u2026 que me ayuda un poco? Viendo esta historia de David \u2013del santo rey David\u2013 pregunt\u00e9monos: si un santo fue capaz de caer as\u00ed, estemos atentos, hermanos y hermanas, porque tambi\u00e9n nos puede pasar a nosotros. Y pregunt\u00e9monos tambi\u00e9n: \u00bfen qu\u00e9 atm\u00f3sfera vivo? Que el Se\u00f1or nos d\u00e9 la gracia de enviarnos siempre a un profeta \u2013puede ser el vecino, el hijo, la madre, el padre\u2013 que nos abofetee un poco cuando estemos resbalando hacia esa atm\u00f3sfera donde parece que todo sea l\u00edcito.<\/p>\n\n\n\n<p><strong>Mc 4, 26-34<\/strong><\/p>\n\n\n\n<p>Como continuaci\u00f3n de la explicaci\u00f3n de la par\u00e1bola del sembrador, Jes\u00fas nos presenta c\u00f3mo es que crece el Reino.<\/p>\n\n\n\n<p>Nos deja ver que no es nuestro esfuerzo el que hace crecer el Reino sino la fuerza y la vida que ya est\u00e1 en \u00e9l.<\/p>\n\n\n\n<p>A veces pensamos que nuestro esfuerzo de evangelizaci\u00f3n no est\u00e1 resultando y no da fruto. Sin embargo la acci\u00f3n escondida de Dios en el coraz\u00f3n de aquellos con los que compartimos la Palabra y nuestro testimonio cristiano va haciendo germinar en ellos la vida del Esp\u00edritu.<\/p>\n\n\n\n<p>Por otro lado, parecer\u00eda que nuestro esfuerzo es muy peque\u00f1o, sin embargo ese peque\u00f1o grano, ese esfuerzo por hacer que Dios sea conocido y amado, crecer\u00e1 con la gracia de Dios, hasta ser un gran \u00e1rbol.<\/p>\n\n\n\n<p>Por lo que no debemos de desanimarnos; lo que Dios espera de nosotros es que ayudemos a esparcir la semilla y que tengamos fe en el poder que encierra en s\u00ed mismo el Evangelio y el testimonio cristiano.<\/p>\n\n\n\n<p><\/p>\n","protected":false},"excerpt":{"rendered":"<p>2Sam 11,1-4.5-10.13-17 La primera lectura se centra en la figura del santo rey David, que cometi\u00f3 muchos pecados: el censo del pueblo y el asunto de Ur\u00edas, al que manda matar, tras haber dejado encinta a su mujer Betsab\u00e9. Elige el asesinato porque su plan para arreglar las cosas, despu\u00e9s del adulterio, fracasa miserablemente. David &hellip; <\/p>\n<p class=\"link-more\"><a href=\"http:\/\/igfergon.com.mx\/?p=6006\" class=\"more-link\">Continuar leyendo<span class=\"screen-reader-text\"> \u00abViernes de la III Semana Ordinaria\u00bb<\/span><\/a><\/p>\n","protected":false},"author":1,"featured_media":0,"comment_status":"closed","ping_status":"closed","sticky":false,"template":"","format":"standard","meta":{"footnotes":""},"categories":[13,14,10,1],"tags":[69,8,6,554],"class_list":["post-6006","post","type-post","status-publish","format-standard","hentry","category-comentario-al-evangelio","category-homilia","category-homilia-diaria","category-uncategorized","tag-comentario-al-evangelio-2","tag-homilia","tag-homilia-diaria","tag-viernes-de-la-iii-semana-ordinaria"],"yoast_head":"<!-- This site is optimized with the Yoast SEO plugin v26.0 - https:\/\/yoast.com\/wordpress\/plugins\/seo\/ -->\n<title>Viernes de la III Semana Ordinaria - El sitio del P. Ignacio Fern\u00e1ndez Gonz\u00e1lez<\/title>\n<meta name=\"robots\" content=\"index, follow, max-snippet:-1, max-image-preview:large, max-video-preview:-1\" \/>\n<link rel=\"canonical\" href=\"http:\/\/igfergon.com.mx\/?p=6006\" \/>\n<meta property=\"og:locale\" content=\"es_ES\" \/>\n<meta property=\"og:type\" content=\"article\" \/>\n<meta property=\"og:title\" content=\"Viernes de la III Semana Ordinaria - El sitio del P. Ignacio Fern\u00e1ndez Gonz\u00e1lez\" \/>\n<meta property=\"og:description\" content=\"2Sam 11,1-4.5-10.13-17 La primera lectura se centra en la figura del santo rey David, que cometi\u00f3 muchos pecados: el censo del pueblo y el asunto de Ur\u00edas, al que manda matar, tras haber dejado encinta a su mujer Betsab\u00e9. Elige el asesinato porque su plan para arreglar las cosas, despu\u00e9s del adulterio, fracasa miserablemente. David &hellip; Continuar leyendo &quot;Viernes de la III Semana Ordinaria&quot;\" \/>\n<meta property=\"og:url\" content=\"http:\/\/igfergon.com.mx\/?p=6006\" \/>\n<meta property=\"og:site_name\" content=\"El sitio del P. Ignacio Fern\u00e1ndez Gonz\u00e1lez\" \/>\n<meta property=\"article:publisher\" content=\"https:\/\/www.facebook.com\/\" \/>\n<meta property=\"article:published_time\" content=\"2026-01-30T08:49:43+00:00\" \/>\n<meta property=\"article:modified_time\" content=\"2026-01-30T08:49:44+00:00\" \/>\n<meta property=\"og:image\" content=\"http:\/\/igfergon.com.mx\/wp-content\/uploads\/2026\/01\/Viernes-3SO.jpg\" \/>\n\t<meta property=\"og:image:width\" content=\"281\" \/>\n\t<meta property=\"og:image:height\" content=\"179\" \/>\n\t<meta property=\"og:image:type\" content=\"image\/jpeg\" \/>\n<meta name=\"author\" content=\"igfergon.com.mx\" \/>\n<meta name=\"twitter:card\" content=\"summary_large_image\" \/>\n<meta name=\"twitter:label1\" content=\"Escrito por\" \/>\n\t<meta name=\"twitter:data1\" content=\"igfergon.com.mx\" \/>\n\t<meta name=\"twitter:label2\" content=\"Tiempo de lectura\" \/>\n\t<meta name=\"twitter:data2\" content=\"4 minutos\" \/>\n<script type=\"application\/ld+json\" class=\"yoast-schema-graph\">{\"@context\":\"https:\/\/schema.org\",\"@graph\":[{\"@type\":\"Article\",\"@id\":\"http:\/\/igfergon.com.mx\/?p=6006#article\",\"isPartOf\":{\"@id\":\"http:\/\/igfergon.com.mx\/?p=6006\"},\"author\":{\"name\":\"igfergon.com.mx\",\"@id\":\"http:\/\/igfergon.com.mx\/#\/schema\/person\/b42517895faefafe2a81218226d90957\"},\"headline\":\"Viernes de la III Semana Ordinaria\",\"datePublished\":\"2026-01-30T08:49:43+00:00\",\"dateModified\":\"2026-01-30T08:49:44+00:00\",\"mainEntityOfPage\":{\"@id\":\"http:\/\/igfergon.com.mx\/?p=6006\"},\"wordCount\":676,\"publisher\":{\"@id\":\"http:\/\/igfergon.com.mx\/#organization\"},\"image\":{\"@id\":\"http:\/\/igfergon.com.mx\/?p=6006#primaryimage\"},\"thumbnailUrl\":\"http:\/\/igfergon.com.mx\/wp-content\/uploads\/2026\/01\/Viernes-3SO.jpg\",\"keywords\":[\"comentario al evangelio\",\"Homil\u00eda\",\"homil\u00eda diaria\",\"Viernes de la III Semana Ordinaria\"],\"articleSection\":[\"comentario al evangelio\",\"homil\u00eda\",\"homil\u00eda diaria\",\"liturgia\"],\"inLanguage\":\"es\"},{\"@type\":\"WebPage\",\"@id\":\"http:\/\/igfergon.com.mx\/?p=6006\",\"url\":\"http:\/\/igfergon.com.mx\/?p=6006\",\"name\":\"Viernes de la III Semana Ordinaria - El sitio del P. Ignacio Fern\u00e1ndez Gonz\u00e1lez\",\"isPartOf\":{\"@id\":\"http:\/\/igfergon.com.mx\/#website\"},\"primaryImageOfPage\":{\"@id\":\"http:\/\/igfergon.com.mx\/?p=6006#primaryimage\"},\"image\":{\"@id\":\"http:\/\/igfergon.com.mx\/?p=6006#primaryimage\"},\"thumbnailUrl\":\"http:\/\/igfergon.com.mx\/wp-content\/uploads\/2026\/01\/Viernes-3SO.jpg\",\"datePublished\":\"2026-01-30T08:49:43+00:00\",\"dateModified\":\"2026-01-30T08:49:44+00:00\",\"breadcrumb\":{\"@id\":\"http:\/\/igfergon.com.mx\/?p=6006#breadcrumb\"},\"inLanguage\":\"es\",\"potentialAction\":[{\"@type\":\"ReadAction\",\"target\":[\"http:\/\/igfergon.com.mx\/?p=6006\"]}]},{\"@type\":\"ImageObject\",\"inLanguage\":\"es\",\"@id\":\"http:\/\/igfergon.com.mx\/?p=6006#primaryimage\",\"url\":\"http:\/\/igfergon.com.mx\/wp-content\/uploads\/2026\/01\/Viernes-3SO.jpg\",\"contentUrl\":\"http:\/\/igfergon.com.mx\/wp-content\/uploads\/2026\/01\/Viernes-3SO.jpg\",\"width\":281,\"height\":179},{\"@type\":\"BreadcrumbList\",\"@id\":\"http:\/\/igfergon.com.mx\/?p=6006#breadcrumb\",\"itemListElement\":[{\"@type\":\"ListItem\",\"position\":1,\"name\":\"Portada\",\"item\":\"http:\/\/igfergon.com.mx\/\"},{\"@type\":\"ListItem\",\"position\":2,\"name\":\"Viernes de la III Semana Ordinaria\"}]},{\"@type\":\"WebSite\",\"@id\":\"http:\/\/igfergon.com.mx\/#website\",\"url\":\"http:\/\/igfergon.com.mx\/\",\"name\":\"El sitio del P. Ignacio Fern\u00e1ndez Gonz\u00e1lez\",\"description\":\"Para Ayudarte\",\"publisher\":{\"@id\":\"http:\/\/igfergon.com.mx\/#organization\"},\"potentialAction\":[{\"@type\":\"SearchAction\",\"target\":{\"@type\":\"EntryPoint\",\"urlTemplate\":\"http:\/\/igfergon.com.mx\/?s={search_term_string}\"},\"query-input\":{\"@type\":\"PropertyValueSpecification\",\"valueRequired\":true,\"valueName\":\"search_term_string\"}}],\"inLanguage\":\"es\"},{\"@type\":\"Organization\",\"@id\":\"http:\/\/igfergon.com.mx\/#organization\",\"name\":\"El sitio del P. Ignacio Fern\u00e1ndez Gonz\u00e1lez\",\"url\":\"http:\/\/igfergon.com.mx\/\",\"logo\":{\"@type\":\"ImageObject\",\"inLanguage\":\"es\",\"@id\":\"http:\/\/igfergon.com.mx\/#\/schema\/logo\/image\/\",\"url\":\"http:\/\/igfergon.com.mx\/wp-content\/uploads\/2018\/09\/cropped-ORDNACION02-2.jpg\",\"contentUrl\":\"http:\/\/igfergon.com.mx\/wp-content\/uploads\/2018\/09\/cropped-ORDNACION02-2.jpg\",\"width\":250,\"height\":250,\"caption\":\"El sitio del P. Ignacio Fern\u00e1ndez Gonz\u00e1lez\"},\"image\":{\"@id\":\"http:\/\/igfergon.com.mx\/#\/schema\/logo\/image\/\"},\"sameAs\":[\"https:\/\/www.facebook.com\/\"]},{\"@type\":\"Person\",\"@id\":\"http:\/\/igfergon.com.mx\/#\/schema\/person\/b42517895faefafe2a81218226d90957\",\"name\":\"igfergon.com.mx\",\"image\":{\"@type\":\"ImageObject\",\"inLanguage\":\"es\",\"@id\":\"http:\/\/igfergon.com.mx\/#\/schema\/person\/image\/\",\"url\":\"https:\/\/secure.gravatar.com\/avatar\/9fd60c5591f2c6b18e76a917a69f35b0732f8532b3679d0132b3503b545db7a6?s=96&d=mm&r=g\",\"contentUrl\":\"https:\/\/secure.gravatar.com\/avatar\/9fd60c5591f2c6b18e76a917a69f35b0732f8532b3679d0132b3503b545db7a6?s=96&d=mm&r=g\",\"caption\":\"igfergon.com.mx\"},\"url\":\"http:\/\/igfergon.com.mx\/?author=1\"}]}<\/script>\n<!-- \/ Yoast SEO plugin. -->","yoast_head_json":{"title":"Viernes de la III Semana Ordinaria - El sitio del P. Ignacio Fern\u00e1ndez Gonz\u00e1lez","robots":{"index":"index","follow":"follow","max-snippet":"max-snippet:-1","max-image-preview":"max-image-preview:large","max-video-preview":"max-video-preview:-1"},"canonical":"http:\/\/igfergon.com.mx\/?p=6006","og_locale":"es_ES","og_type":"article","og_title":"Viernes de la III Semana Ordinaria - El sitio del P. Ignacio Fern\u00e1ndez Gonz\u00e1lez","og_description":"2Sam 11,1-4.5-10.13-17 La primera lectura se centra en la figura del santo rey David, que cometi\u00f3 muchos pecados: el censo del pueblo y el asunto de Ur\u00edas, al que manda matar, tras haber dejado encinta a su mujer Betsab\u00e9. Elige el asesinato porque su plan para arreglar las cosas, despu\u00e9s del adulterio, fracasa miserablemente. David &hellip; Continuar leyendo \"Viernes de la III Semana Ordinaria\"","og_url":"http:\/\/igfergon.com.mx\/?p=6006","og_site_name":"El sitio del P. Ignacio Fern\u00e1ndez Gonz\u00e1lez","article_publisher":"https:\/\/www.facebook.com\/","article_published_time":"2026-01-30T08:49:43+00:00","article_modified_time":"2026-01-30T08:49:44+00:00","og_image":[{"width":281,"height":179,"url":"http:\/\/igfergon.com.mx\/wp-content\/uploads\/2026\/01\/Viernes-3SO.jpg","type":"image\/jpeg"}],"author":"igfergon.com.mx","twitter_card":"summary_large_image","twitter_misc":{"Escrito por":"igfergon.com.mx","Tiempo de lectura":"4 minutos"},"schema":{"@context":"https:\/\/schema.org","@graph":[{"@type":"Article","@id":"http:\/\/igfergon.com.mx\/?p=6006#article","isPartOf":{"@id":"http:\/\/igfergon.com.mx\/?p=6006"},"author":{"name":"igfergon.com.mx","@id":"http:\/\/igfergon.com.mx\/#\/schema\/person\/b42517895faefafe2a81218226d90957"},"headline":"Viernes de la III Semana Ordinaria","datePublished":"2026-01-30T08:49:43+00:00","dateModified":"2026-01-30T08:49:44+00:00","mainEntityOfPage":{"@id":"http:\/\/igfergon.com.mx\/?p=6006"},"wordCount":676,"publisher":{"@id":"http:\/\/igfergon.com.mx\/#organization"},"image":{"@id":"http:\/\/igfergon.com.mx\/?p=6006#primaryimage"},"thumbnailUrl":"http:\/\/igfergon.com.mx\/wp-content\/uploads\/2026\/01\/Viernes-3SO.jpg","keywords":["comentario al evangelio","Homil\u00eda","homil\u00eda diaria","Viernes de la III Semana Ordinaria"],"articleSection":["comentario al evangelio","homil\u00eda","homil\u00eda diaria","liturgia"],"inLanguage":"es"},{"@type":"WebPage","@id":"http:\/\/igfergon.com.mx\/?p=6006","url":"http:\/\/igfergon.com.mx\/?p=6006","name":"Viernes de la III Semana Ordinaria - El sitio del P. Ignacio Fern\u00e1ndez Gonz\u00e1lez","isPartOf":{"@id":"http:\/\/igfergon.com.mx\/#website"},"primaryImageOfPage":{"@id":"http:\/\/igfergon.com.mx\/?p=6006#primaryimage"},"image":{"@id":"http:\/\/igfergon.com.mx\/?p=6006#primaryimage"},"thumbnailUrl":"http:\/\/igfergon.com.mx\/wp-content\/uploads\/2026\/01\/Viernes-3SO.jpg","datePublished":"2026-01-30T08:49:43+00:00","dateModified":"2026-01-30T08:49:44+00:00","breadcrumb":{"@id":"http:\/\/igfergon.com.mx\/?p=6006#breadcrumb"},"inLanguage":"es","potentialAction":[{"@type":"ReadAction","target":["http:\/\/igfergon.com.mx\/?p=6006"]}]},{"@type":"ImageObject","inLanguage":"es","@id":"http:\/\/igfergon.com.mx\/?p=6006#primaryimage","url":"http:\/\/igfergon.com.mx\/wp-content\/uploads\/2026\/01\/Viernes-3SO.jpg","contentUrl":"http:\/\/igfergon.com.mx\/wp-content\/uploads\/2026\/01\/Viernes-3SO.jpg","width":281,"height":179},{"@type":"BreadcrumbList","@id":"http:\/\/igfergon.com.mx\/?p=6006#breadcrumb","itemListElement":[{"@type":"ListItem","position":1,"name":"Portada","item":"http:\/\/igfergon.com.mx\/"},{"@type":"ListItem","position":2,"name":"Viernes de la III Semana Ordinaria"}]},{"@type":"WebSite","@id":"http:\/\/igfergon.com.mx\/#website","url":"http:\/\/igfergon.com.mx\/","name":"El sitio del P. Ignacio Fern\u00e1ndez Gonz\u00e1lez","description":"Para Ayudarte","publisher":{"@id":"http:\/\/igfergon.com.mx\/#organization"},"potentialAction":[{"@type":"SearchAction","target":{"@type":"EntryPoint","urlTemplate":"http:\/\/igfergon.com.mx\/?s={search_term_string}"},"query-input":{"@type":"PropertyValueSpecification","valueRequired":true,"valueName":"search_term_string"}}],"inLanguage":"es"},{"@type":"Organization","@id":"http:\/\/igfergon.com.mx\/#organization","name":"El sitio del P. Ignacio Fern\u00e1ndez Gonz\u00e1lez","url":"http:\/\/igfergon.com.mx\/","logo":{"@type":"ImageObject","inLanguage":"es","@id":"http:\/\/igfergon.com.mx\/#\/schema\/logo\/image\/","url":"http:\/\/igfergon.com.mx\/wp-content\/uploads\/2018\/09\/cropped-ORDNACION02-2.jpg","contentUrl":"http:\/\/igfergon.com.mx\/wp-content\/uploads\/2018\/09\/cropped-ORDNACION02-2.jpg","width":250,"height":250,"caption":"El sitio del P. Ignacio Fern\u00e1ndez Gonz\u00e1lez"},"image":{"@id":"http:\/\/igfergon.com.mx\/#\/schema\/logo\/image\/"},"sameAs":["https:\/\/www.facebook.com\/"]},{"@type":"Person","@id":"http:\/\/igfergon.com.mx\/#\/schema\/person\/b42517895faefafe2a81218226d90957","name":"igfergon.com.mx","image":{"@type":"ImageObject","inLanguage":"es","@id":"http:\/\/igfergon.com.mx\/#\/schema\/person\/image\/","url":"https:\/\/secure.gravatar.com\/avatar\/9fd60c5591f2c6b18e76a917a69f35b0732f8532b3679d0132b3503b545db7a6?s=96&d=mm&r=g","contentUrl":"https:\/\/secure.gravatar.com\/avatar\/9fd60c5591f2c6b18e76a917a69f35b0732f8532b3679d0132b3503b545db7a6?s=96&d=mm&r=g","caption":"igfergon.com.mx"},"url":"http:\/\/igfergon.com.mx\/?author=1"}]}},"_links":{"self":[{"href":"http:\/\/igfergon.com.mx\/index.php?rest_route=\/wp\/v2\/posts\/6006","targetHints":{"allow":["GET"]}}],"collection":[{"href":"http:\/\/igfergon.com.mx\/index.php?rest_route=\/wp\/v2\/posts"}],"about":[{"href":"http:\/\/igfergon.com.mx\/index.php?rest_route=\/wp\/v2\/types\/post"}],"author":[{"embeddable":true,"href":"http:\/\/igfergon.com.mx\/index.php?rest_route=\/wp\/v2\/users\/1"}],"replies":[{"embeddable":true,"href":"http:\/\/igfergon.com.mx\/index.php?rest_route=%2Fwp%2Fv2%2Fcomments&post=6006"}],"version-history":[{"count":1,"href":"http:\/\/igfergon.com.mx\/index.php?rest_route=\/wp\/v2\/posts\/6006\/revisions"}],"predecessor-version":[{"id":6008,"href":"http:\/\/igfergon.com.mx\/index.php?rest_route=\/wp\/v2\/posts\/6006\/revisions\/6008"}],"wp:attachment":[{"href":"http:\/\/igfergon.com.mx\/index.php?rest_route=%2Fwp%2Fv2%2Fmedia&parent=6006"}],"wp:term":[{"taxonomy":"category","embeddable":true,"href":"http:\/\/igfergon.com.mx\/index.php?rest_route=%2Fwp%2Fv2%2Fcategories&post=6006"},{"taxonomy":"post_tag","embeddable":true,"href":"http:\/\/igfergon.com.mx\/index.php?rest_route=%2Fwp%2Fv2%2Ftags&post=6006"}],"curies":[{"name":"wp","href":"https:\/\/api.w.org\/{rel}","templated":true}]}}