{"id":6009,"date":"2026-01-31T10:38:34","date_gmt":"2026-01-31T08:38:34","guid":{"rendered":"http:\/\/igfergon.com.mx\/?p=6009"},"modified":"2026-01-31T10:38:36","modified_gmt":"2026-01-31T08:38:36","slug":"sabado-de-la-iii-semana-ordinaria-2","status":"publish","type":"post","link":"http:\/\/igfergon.com.mx\/?p=6009","title":{"rendered":"S\u00e1bado de la III Semana Ordinaria"},"content":{"rendered":"<div class=\"wp-block-image\">\n<figure class=\"aligncenter size-full\"><img loading=\"lazy\" decoding=\"async\" width=\"254\" height=\"198\" src=\"http:\/\/igfergon.com.mx\/wp-content\/uploads\/2026\/01\/Sabado-3SO.jpg\" alt=\"\" class=\"wp-image-6010\" srcset=\"http:\/\/igfergon.com.mx\/wp-content\/uploads\/2026\/01\/Sabado-3SO.jpg 254w, http:\/\/igfergon.com.mx\/wp-content\/uploads\/2026\/01\/Sabado-3SO-200x156.jpg 200w\" sizes=\"auto, (max-width: 254px) 100vw, 254px\" \/><\/figure>\n<\/div>\n\n\n<p><strong>2Sam. 12, 1-7. 10-17.<\/strong><\/p>\n\n\n\n<p>\u00bfQui\u00e9n de nosotros puede sentirse libre de culpa? Dios conoce nuestras maldades, miserias y pecados. \u00a1Ojal\u00e1 y con grandes penitencias hubi\u00e9semos logrado lavar nuestras culpas!<\/p>\n\n\n\n<p>Hay Alguien que, por nuestros pecados, acept\u00f3 ir libremente a la muerte para purificarnos y presentarnos libres de culpa ante su Padre Dios. Y por m\u00e1s ayunos, por m\u00e1s sayales que nos hubi\u00e9semos puesto, por m\u00e1s oraciones elevadas ante Dios, por nosotros mismos jam\u00e1s hubi\u00e9semos logrado ser perdonados.<\/p>\n\n\n\n<p>Por eso no podemos decir que hubi\u00e9semos podido evitar que Cristo muriera, pues la Salvaci\u00f3n s\u00f3lo nos llegar\u00eda por su Muerte Salvadora. A nosotros corresponde no vivir encadenados al mal, sino aceptar esa salvaci\u00f3n que s\u00f3lo nos viene de Dios por medio de su Hijo.<\/p>\n\n\n\n<p>Por eso, reconozcamos con humildad que hemos pecado, confesemos nuestros pecados, aceptemos a Cristo como nuestra \u00fanica salvaci\u00f3n, y Dios tendr\u00e1 compasi\u00f3n de nosotros y nos dar\u00e1 vida eterna.<\/p>\n\n\n\n<p><strong>Mc. 4, 35-41.<\/strong><\/p>\n\n\n\n<p>Jes\u00fas es Dios-con-nosotros. \u00bfCreemos realmente esto? Si es as\u00ed entonces no podemos tener miedo ni aunque se levante una tempestad tormentosa que quisiera acabar con nosotros.<\/p>\n\n\n\n<p>Al proclamar el Evangelio del Se\u00f1or tratamos, como instrumentos del Esp\u00edritu Santo que habita en nosotros, de suscitar la fe en Jes\u00fas. Tal vez este anuncio sea acompa\u00f1ado de se\u00f1ales que ayuden a comprender que no vamos en nombre propio, sino en Nombre de Dios.<\/p>\n\n\n\n<p>Pero finalmente esas se\u00f1ales no son tan importantes cuanto s\u00ed lo ha de ser el lograr la finalidad del Evangelio: Que Jes\u00fas sea reconocido como Dios y como el \u00fanico Salvador de la humanidad.<\/p>\n\n\n\n<p>Vivamos confiados en Dios y dej\u00e9monos conducir por su Esp\u00edritu para que al anunciar su Nombre a los dem\u00e1s no queramos hacer nuestra obra, sino la obra de Dios para que todos encuentren en Cristo el camino que nos conduce al Padre.<\/p>\n\n\n\n<p><\/p>\n","protected":false},"excerpt":{"rendered":"<p>2Sam. 12, 1-7. 10-17. \u00bfQui\u00e9n de nosotros puede sentirse libre de culpa? Dios conoce nuestras maldades, miserias y pecados. \u00a1Ojal\u00e1 y con grandes penitencias hubi\u00e9semos logrado lavar nuestras culpas! Hay Alguien que, por nuestros pecados, acept\u00f3 ir libremente a la muerte para purificarnos y presentarnos libres de culpa ante su Padre Dios. Y por m\u00e1s &hellip; <\/p>\n<p class=\"link-more\"><a href=\"http:\/\/igfergon.com.mx\/?p=6009\" class=\"more-link\">Continuar leyendo<span class=\"screen-reader-text\"> \u00abS\u00e1bado de la III Semana Ordinaria\u00bb<\/span><\/a><\/p>\n","protected":false},"author":1,"featured_media":0,"comment_status":"closed","ping_status":"closed","sticky":false,"template":"","format":"standard","meta":{"footnotes":""},"categories":[13,14,10,1],"tags":[69,8,6,7,555],"class_list":["post-6009","post","type-post","status-publish","format-standard","hentry","category-comentario-al-evangelio","category-homilia","category-homilia-diaria","category-uncategorized","tag-comentario-al-evangelio-2","tag-homilia","tag-homilia-diaria","tag-liturgia","tag-sabado-de-la-iii-semana-ordinaria"],"yoast_head":"<!-- This site is optimized with the Yoast SEO plugin v26.0 - https:\/\/yoast.com\/wordpress\/plugins\/seo\/ -->\n<title>S\u00e1bado de la III Semana Ordinaria - El sitio del P. Ignacio Fern\u00e1ndez Gonz\u00e1lez<\/title>\n<meta name=\"robots\" content=\"index, follow, max-snippet:-1, max-image-preview:large, max-video-preview:-1\" \/>\n<link rel=\"canonical\" href=\"http:\/\/igfergon.com.mx\/?p=6009\" \/>\n<meta property=\"og:locale\" content=\"es_ES\" \/>\n<meta property=\"og:type\" content=\"article\" \/>\n<meta property=\"og:title\" content=\"S\u00e1bado de la III Semana Ordinaria - El sitio del P. Ignacio Fern\u00e1ndez Gonz\u00e1lez\" \/>\n<meta property=\"og:description\" content=\"2Sam. 12, 1-7. 10-17. \u00bfQui\u00e9n de nosotros puede sentirse libre de culpa? Dios conoce nuestras maldades, miserias y pecados. \u00a1Ojal\u00e1 y con grandes penitencias hubi\u00e9semos logrado lavar nuestras culpas! Hay Alguien que, por nuestros pecados, acept\u00f3 ir libremente a la muerte para purificarnos y presentarnos libres de culpa ante su Padre Dios. Y por m\u00e1s &hellip; Continuar leyendo &quot;S\u00e1bado de la III Semana Ordinaria&quot;\" \/>\n<meta property=\"og:url\" content=\"http:\/\/igfergon.com.mx\/?p=6009\" \/>\n<meta property=\"og:site_name\" content=\"El sitio del P. Ignacio Fern\u00e1ndez Gonz\u00e1lez\" \/>\n<meta property=\"article:publisher\" content=\"https:\/\/www.facebook.com\/\" \/>\n<meta property=\"article:published_time\" content=\"2026-01-31T08:38:34+00:00\" \/>\n<meta property=\"article:modified_time\" content=\"2026-01-31T08:38:36+00:00\" \/>\n<meta property=\"og:image\" content=\"http:\/\/igfergon.com.mx\/wp-content\/uploads\/2026\/01\/Sabado-3SO.jpg\" \/>\n\t<meta property=\"og:image:width\" content=\"254\" \/>\n\t<meta property=\"og:image:height\" content=\"198\" \/>\n\t<meta property=\"og:image:type\" content=\"image\/jpeg\" \/>\n<meta name=\"author\" content=\"igfergon.com.mx\" \/>\n<meta name=\"twitter:card\" content=\"summary_large_image\" \/>\n<meta name=\"twitter:label1\" content=\"Escrito por\" \/>\n\t<meta name=\"twitter:data1\" content=\"igfergon.com.mx\" \/>\n\t<meta name=\"twitter:label2\" content=\"Tiempo de lectura\" \/>\n\t<meta name=\"twitter:data2\" content=\"2 minutos\" \/>\n<script type=\"application\/ld+json\" class=\"yoast-schema-graph\">{\"@context\":\"https:\/\/schema.org\",\"@graph\":[{\"@type\":\"Article\",\"@id\":\"http:\/\/igfergon.com.mx\/?p=6009#article\",\"isPartOf\":{\"@id\":\"http:\/\/igfergon.com.mx\/?p=6009\"},\"author\":{\"name\":\"igfergon.com.mx\",\"@id\":\"http:\/\/igfergon.com.mx\/#\/schema\/person\/b42517895faefafe2a81218226d90957\"},\"headline\":\"S\u00e1bado de la III Semana Ordinaria\",\"datePublished\":\"2026-01-31T08:38:34+00:00\",\"dateModified\":\"2026-01-31T08:38:36+00:00\",\"mainEntityOfPage\":{\"@id\":\"http:\/\/igfergon.com.mx\/?p=6009\"},\"wordCount\":333,\"publisher\":{\"@id\":\"http:\/\/igfergon.com.mx\/#organization\"},\"image\":{\"@id\":\"http:\/\/igfergon.com.mx\/?p=6009#primaryimage\"},\"thumbnailUrl\":\"http:\/\/igfergon.com.mx\/wp-content\/uploads\/2026\/01\/Sabado-3SO.jpg\",\"keywords\":[\"comentario al evangelio\",\"Homil\u00eda\",\"homil\u00eda diaria\",\"liturgia\",\"S\u00e1bado de la III Semana Ordinaria\"],\"articleSection\":[\"comentario al evangelio\",\"homil\u00eda\",\"homil\u00eda diaria\",\"liturgia\"],\"inLanguage\":\"es\"},{\"@type\":\"WebPage\",\"@id\":\"http:\/\/igfergon.com.mx\/?p=6009\",\"url\":\"http:\/\/igfergon.com.mx\/?p=6009\",\"name\":\"S\u00e1bado de la III Semana Ordinaria - El sitio del P. Ignacio Fern\u00e1ndez Gonz\u00e1lez\",\"isPartOf\":{\"@id\":\"http:\/\/igfergon.com.mx\/#website\"},\"primaryImageOfPage\":{\"@id\":\"http:\/\/igfergon.com.mx\/?p=6009#primaryimage\"},\"image\":{\"@id\":\"http:\/\/igfergon.com.mx\/?p=6009#primaryimage\"},\"thumbnailUrl\":\"http:\/\/igfergon.com.mx\/wp-content\/uploads\/2026\/01\/Sabado-3SO.jpg\",\"datePublished\":\"2026-01-31T08:38:34+00:00\",\"dateModified\":\"2026-01-31T08:38:36+00:00\",\"breadcrumb\":{\"@id\":\"http:\/\/igfergon.com.mx\/?p=6009#breadcrumb\"},\"inLanguage\":\"es\",\"potentialAction\":[{\"@type\":\"ReadAction\",\"target\":[\"http:\/\/igfergon.com.mx\/?p=6009\"]}]},{\"@type\":\"ImageObject\",\"inLanguage\":\"es\",\"@id\":\"http:\/\/igfergon.com.mx\/?p=6009#primaryimage\",\"url\":\"http:\/\/igfergon.com.mx\/wp-content\/uploads\/2026\/01\/Sabado-3SO.jpg\",\"contentUrl\":\"http:\/\/igfergon.com.mx\/wp-content\/uploads\/2026\/01\/Sabado-3SO.jpg\",\"width\":254,\"height\":198},{\"@type\":\"BreadcrumbList\",\"@id\":\"http:\/\/igfergon.com.mx\/?p=6009#breadcrumb\",\"itemListElement\":[{\"@type\":\"ListItem\",\"position\":1,\"name\":\"Portada\",\"item\":\"http:\/\/igfergon.com.mx\/\"},{\"@type\":\"ListItem\",\"position\":2,\"name\":\"S\u00e1bado de la III Semana Ordinaria\"}]},{\"@type\":\"WebSite\",\"@id\":\"http:\/\/igfergon.com.mx\/#website\",\"url\":\"http:\/\/igfergon.com.mx\/\",\"name\":\"El sitio del P. Ignacio Fern\u00e1ndez Gonz\u00e1lez\",\"description\":\"Para Ayudarte\",\"publisher\":{\"@id\":\"http:\/\/igfergon.com.mx\/#organization\"},\"potentialAction\":[{\"@type\":\"SearchAction\",\"target\":{\"@type\":\"EntryPoint\",\"urlTemplate\":\"http:\/\/igfergon.com.mx\/?s={search_term_string}\"},\"query-input\":{\"@type\":\"PropertyValueSpecification\",\"valueRequired\":true,\"valueName\":\"search_term_string\"}}],\"inLanguage\":\"es\"},{\"@type\":\"Organization\",\"@id\":\"http:\/\/igfergon.com.mx\/#organization\",\"name\":\"El sitio del P. Ignacio Fern\u00e1ndez Gonz\u00e1lez\",\"url\":\"http:\/\/igfergon.com.mx\/\",\"logo\":{\"@type\":\"ImageObject\",\"inLanguage\":\"es\",\"@id\":\"http:\/\/igfergon.com.mx\/#\/schema\/logo\/image\/\",\"url\":\"http:\/\/igfergon.com.mx\/wp-content\/uploads\/2018\/09\/cropped-ORDNACION02-2.jpg\",\"contentUrl\":\"http:\/\/igfergon.com.mx\/wp-content\/uploads\/2018\/09\/cropped-ORDNACION02-2.jpg\",\"width\":250,\"height\":250,\"caption\":\"El sitio del P. Ignacio Fern\u00e1ndez Gonz\u00e1lez\"},\"image\":{\"@id\":\"http:\/\/igfergon.com.mx\/#\/schema\/logo\/image\/\"},\"sameAs\":[\"https:\/\/www.facebook.com\/\"]},{\"@type\":\"Person\",\"@id\":\"http:\/\/igfergon.com.mx\/#\/schema\/person\/b42517895faefafe2a81218226d90957\",\"name\":\"igfergon.com.mx\",\"image\":{\"@type\":\"ImageObject\",\"inLanguage\":\"es\",\"@id\":\"http:\/\/igfergon.com.mx\/#\/schema\/person\/image\/\",\"url\":\"https:\/\/secure.gravatar.com\/avatar\/9fd60c5591f2c6b18e76a917a69f35b0732f8532b3679d0132b3503b545db7a6?s=96&d=mm&r=g\",\"contentUrl\":\"https:\/\/secure.gravatar.com\/avatar\/9fd60c5591f2c6b18e76a917a69f35b0732f8532b3679d0132b3503b545db7a6?s=96&d=mm&r=g\",\"caption\":\"igfergon.com.mx\"},\"url\":\"http:\/\/igfergon.com.mx\/?author=1\"}]}<\/script>\n<!-- \/ Yoast SEO plugin. -->","yoast_head_json":{"title":"S\u00e1bado de la III Semana Ordinaria - El sitio del P. Ignacio Fern\u00e1ndez Gonz\u00e1lez","robots":{"index":"index","follow":"follow","max-snippet":"max-snippet:-1","max-image-preview":"max-image-preview:large","max-video-preview":"max-video-preview:-1"},"canonical":"http:\/\/igfergon.com.mx\/?p=6009","og_locale":"es_ES","og_type":"article","og_title":"S\u00e1bado de la III Semana Ordinaria - El sitio del P. Ignacio Fern\u00e1ndez Gonz\u00e1lez","og_description":"2Sam. 12, 1-7. 10-17. \u00bfQui\u00e9n de nosotros puede sentirse libre de culpa? Dios conoce nuestras maldades, miserias y pecados. \u00a1Ojal\u00e1 y con grandes penitencias hubi\u00e9semos logrado lavar nuestras culpas! Hay Alguien que, por nuestros pecados, acept\u00f3 ir libremente a la muerte para purificarnos y presentarnos libres de culpa ante su Padre Dios. Y por m\u00e1s &hellip; Continuar leyendo \"S\u00e1bado de la III Semana Ordinaria\"","og_url":"http:\/\/igfergon.com.mx\/?p=6009","og_site_name":"El sitio del P. Ignacio Fern\u00e1ndez Gonz\u00e1lez","article_publisher":"https:\/\/www.facebook.com\/","article_published_time":"2026-01-31T08:38:34+00:00","article_modified_time":"2026-01-31T08:38:36+00:00","og_image":[{"width":254,"height":198,"url":"http:\/\/igfergon.com.mx\/wp-content\/uploads\/2026\/01\/Sabado-3SO.jpg","type":"image\/jpeg"}],"author":"igfergon.com.mx","twitter_card":"summary_large_image","twitter_misc":{"Escrito por":"igfergon.com.mx","Tiempo de lectura":"2 minutos"},"schema":{"@context":"https:\/\/schema.org","@graph":[{"@type":"Article","@id":"http:\/\/igfergon.com.mx\/?p=6009#article","isPartOf":{"@id":"http:\/\/igfergon.com.mx\/?p=6009"},"author":{"name":"igfergon.com.mx","@id":"http:\/\/igfergon.com.mx\/#\/schema\/person\/b42517895faefafe2a81218226d90957"},"headline":"S\u00e1bado de la III Semana Ordinaria","datePublished":"2026-01-31T08:38:34+00:00","dateModified":"2026-01-31T08:38:36+00:00","mainEntityOfPage":{"@id":"http:\/\/igfergon.com.mx\/?p=6009"},"wordCount":333,"publisher":{"@id":"http:\/\/igfergon.com.mx\/#organization"},"image":{"@id":"http:\/\/igfergon.com.mx\/?p=6009#primaryimage"},"thumbnailUrl":"http:\/\/igfergon.com.mx\/wp-content\/uploads\/2026\/01\/Sabado-3SO.jpg","keywords":["comentario al evangelio","Homil\u00eda","homil\u00eda diaria","liturgia","S\u00e1bado de la III Semana Ordinaria"],"articleSection":["comentario al evangelio","homil\u00eda","homil\u00eda diaria","liturgia"],"inLanguage":"es"},{"@type":"WebPage","@id":"http:\/\/igfergon.com.mx\/?p=6009","url":"http:\/\/igfergon.com.mx\/?p=6009","name":"S\u00e1bado de la III Semana Ordinaria - El sitio del P. Ignacio Fern\u00e1ndez Gonz\u00e1lez","isPartOf":{"@id":"http:\/\/igfergon.com.mx\/#website"},"primaryImageOfPage":{"@id":"http:\/\/igfergon.com.mx\/?p=6009#primaryimage"},"image":{"@id":"http:\/\/igfergon.com.mx\/?p=6009#primaryimage"},"thumbnailUrl":"http:\/\/igfergon.com.mx\/wp-content\/uploads\/2026\/01\/Sabado-3SO.jpg","datePublished":"2026-01-31T08:38:34+00:00","dateModified":"2026-01-31T08:38:36+00:00","breadcrumb":{"@id":"http:\/\/igfergon.com.mx\/?p=6009#breadcrumb"},"inLanguage":"es","potentialAction":[{"@type":"ReadAction","target":["http:\/\/igfergon.com.mx\/?p=6009"]}]},{"@type":"ImageObject","inLanguage":"es","@id":"http:\/\/igfergon.com.mx\/?p=6009#primaryimage","url":"http:\/\/igfergon.com.mx\/wp-content\/uploads\/2026\/01\/Sabado-3SO.jpg","contentUrl":"http:\/\/igfergon.com.mx\/wp-content\/uploads\/2026\/01\/Sabado-3SO.jpg","width":254,"height":198},{"@type":"BreadcrumbList","@id":"http:\/\/igfergon.com.mx\/?p=6009#breadcrumb","itemListElement":[{"@type":"ListItem","position":1,"name":"Portada","item":"http:\/\/igfergon.com.mx\/"},{"@type":"ListItem","position":2,"name":"S\u00e1bado de la III Semana Ordinaria"}]},{"@type":"WebSite","@id":"http:\/\/igfergon.com.mx\/#website","url":"http:\/\/igfergon.com.mx\/","name":"El sitio del P. Ignacio Fern\u00e1ndez Gonz\u00e1lez","description":"Para Ayudarte","publisher":{"@id":"http:\/\/igfergon.com.mx\/#organization"},"potentialAction":[{"@type":"SearchAction","target":{"@type":"EntryPoint","urlTemplate":"http:\/\/igfergon.com.mx\/?s={search_term_string}"},"query-input":{"@type":"PropertyValueSpecification","valueRequired":true,"valueName":"search_term_string"}}],"inLanguage":"es"},{"@type":"Organization","@id":"http:\/\/igfergon.com.mx\/#organization","name":"El sitio del P. Ignacio Fern\u00e1ndez Gonz\u00e1lez","url":"http:\/\/igfergon.com.mx\/","logo":{"@type":"ImageObject","inLanguage":"es","@id":"http:\/\/igfergon.com.mx\/#\/schema\/logo\/image\/","url":"http:\/\/igfergon.com.mx\/wp-content\/uploads\/2018\/09\/cropped-ORDNACION02-2.jpg","contentUrl":"http:\/\/igfergon.com.mx\/wp-content\/uploads\/2018\/09\/cropped-ORDNACION02-2.jpg","width":250,"height":250,"caption":"El sitio del P. Ignacio Fern\u00e1ndez Gonz\u00e1lez"},"image":{"@id":"http:\/\/igfergon.com.mx\/#\/schema\/logo\/image\/"},"sameAs":["https:\/\/www.facebook.com\/"]},{"@type":"Person","@id":"http:\/\/igfergon.com.mx\/#\/schema\/person\/b42517895faefafe2a81218226d90957","name":"igfergon.com.mx","image":{"@type":"ImageObject","inLanguage":"es","@id":"http:\/\/igfergon.com.mx\/#\/schema\/person\/image\/","url":"https:\/\/secure.gravatar.com\/avatar\/9fd60c5591f2c6b18e76a917a69f35b0732f8532b3679d0132b3503b545db7a6?s=96&d=mm&r=g","contentUrl":"https:\/\/secure.gravatar.com\/avatar\/9fd60c5591f2c6b18e76a917a69f35b0732f8532b3679d0132b3503b545db7a6?s=96&d=mm&r=g","caption":"igfergon.com.mx"},"url":"http:\/\/igfergon.com.mx\/?author=1"}]}},"_links":{"self":[{"href":"http:\/\/igfergon.com.mx\/index.php?rest_route=\/wp\/v2\/posts\/6009","targetHints":{"allow":["GET"]}}],"collection":[{"href":"http:\/\/igfergon.com.mx\/index.php?rest_route=\/wp\/v2\/posts"}],"about":[{"href":"http:\/\/igfergon.com.mx\/index.php?rest_route=\/wp\/v2\/types\/post"}],"author":[{"embeddable":true,"href":"http:\/\/igfergon.com.mx\/index.php?rest_route=\/wp\/v2\/users\/1"}],"replies":[{"embeddable":true,"href":"http:\/\/igfergon.com.mx\/index.php?rest_route=%2Fwp%2Fv2%2Fcomments&post=6009"}],"version-history":[{"count":1,"href":"http:\/\/igfergon.com.mx\/index.php?rest_route=\/wp\/v2\/posts\/6009\/revisions"}],"predecessor-version":[{"id":6011,"href":"http:\/\/igfergon.com.mx\/index.php?rest_route=\/wp\/v2\/posts\/6009\/revisions\/6011"}],"wp:attachment":[{"href":"http:\/\/igfergon.com.mx\/index.php?rest_route=%2Fwp%2Fv2%2Fmedia&parent=6009"}],"wp:term":[{"taxonomy":"category","embeddable":true,"href":"http:\/\/igfergon.com.mx\/index.php?rest_route=%2Fwp%2Fv2%2Fcategories&post=6009"},{"taxonomy":"post_tag","embeddable":true,"href":"http:\/\/igfergon.com.mx\/index.php?rest_route=%2Fwp%2Fv2%2Ftags&post=6009"}],"curies":[{"name":"wp","href":"https:\/\/api.w.org\/{rel}","templated":true}]}}