{"id":6163,"date":"2026-03-11T10:21:16","date_gmt":"2026-03-11T08:21:16","guid":{"rendered":"http:\/\/igfergon.com.mx\/?p=6163"},"modified":"2026-03-11T10:21:18","modified_gmt":"2026-03-11T08:21:18","slug":"miercoles-de-la-iii-semana-de-cuaresma-5","status":"publish","type":"post","link":"http:\/\/igfergon.com.mx\/?p=6163","title":{"rendered":"Mi\u00e9rcoles de la III Semana de Cuaresma"},"content":{"rendered":"<div class=\"wp-block-image\">\n<figure class=\"aligncenter size-full\"><img loading=\"lazy\" decoding=\"async\" width=\"277\" height=\"182\" src=\"http:\/\/igfergon.com.mx\/wp-content\/uploads\/2026\/03\/Miercoles-3SC-1.jpg\" alt=\"\" class=\"wp-image-6164\" srcset=\"http:\/\/igfergon.com.mx\/wp-content\/uploads\/2026\/03\/Miercoles-3SC-1.jpg 277w, http:\/\/igfergon.com.mx\/wp-content\/uploads\/2026\/03\/Miercoles-3SC-1-200x131.jpg 200w\" sizes=\"auto, (max-width: 277px) 100vw, 277px\" \/><\/figure>\n<\/div>\n\n\n<p><strong>Dt 4, 1; 5-9<\/strong><\/p>\n\n\n\n<p>Si nos pregunt\u00e1semos por qu\u00e9 vivimos en un mundo tan corrupto, lleno de injusticia, infidelidad, violencia, etc., quiz\u00e1s la respuesta ser\u00eda: porque nos hemos olvidado de transmitir a nuestros hijos la verdad y la fe.<\/p>\n\n\n\n<p>Es triste que muchos de nosotros la \u00fanica instrucci\u00f3n que hayamos tenido sobre la fe haya sido la catequesis apresurada para hacer la Primera Comuni\u00f3n.<\/p>\n\n\n\n<p>En muchas de nuestras casas nunca se habla de Dios, de sus mandamientos, de los valores y fundamentos del Evangelio. El autor del Deuteronomio, ya le advert\u00eda al pueblo de Israel: \u00abNo olvides ni dejes que se aparte de tu coraz\u00f3n estos mandamientos&#8230; sino transm\u00edtelos a tus hijos\u00bb.<\/p>\n\n\n\n<p>Cuando el hombre se aleja de Dios y de sus mandamientos, todo se convierte en relativismo. D\u00e9monos tiempo para compartir en nuestra casa la oraci\u00f3n y la fe.<\/p>\n\n\n\n<p><strong>Mt 5, 17-19<\/strong><\/p>\n\n\n\n<p>\u00a0En ocasiones Jes\u00fas critica las interpretaciones exageradas que los maestros de su \u00e9poca hacen de la disciplina. Pero en esta ocasi\u00f3n la defiende diciendo que hay que cumplir los mandamientos de Dios. \u00c9l no ha venido a abolir la ley sino a darle plenitud, a perfeccionarla.<\/p>\n\n\n\n<p>Hay personas a quienes no les gustan los Mandamientos. Basta que nos manden algo para que se transforme en dif\u00edcil, odioso y molesto. Podr\u00edamos hacer los mismos actos con gusto, pero no porque nos lo manden. Si adem\u00e1s a esos preceptos no les encontramos raz\u00f3n de ser, es peor.<\/p>\n\n\n\n<p>Parecemos adolescentes que en cuanto el pap\u00e1 o la mam\u00e1 ordenan algo, eso basta para que se haga lo contrario. Sin embargo nuestra vida est\u00e1 llena de recomendaciones, mandamientos o precauciones que debemos tomar, desde el que conduce un coche, a qui\u00e9n va por la calle, quien no quiere enfermarse, la forma de tomar una medicina, todo tiene sus normas para que puedan ser \u00fatiles.<\/p>\n\n\n\n<p>\u00bfPorque nos oponemos tanto a los mandamientos? Quiz\u00e1s porque, supuestamente, coartan nuestra libertad. Pero el verdadero mandamiento no ser\u00eda para coartar la libertad, sino para hacer un uso correcto de ella. Un uso que nos lleve a la vida y tambi\u00e9n que nos lleve a cuidar y dar vida a los dem\u00e1s.<\/p>\n\n\n\n<p>Desde el Antiguo Testamento se nos presentan los mandamientos para que puedas vivir con sabidur\u00eda y rectitud. Cuando estos mandamientos se transforman en una carga y no parecen dar vida sino solo aprisionar y restringir, pierden su sentido.<\/p>\n\n\n\n<p>Es lo que pasaba en tiempos de Jes\u00fas, los mandamientos hab\u00edan perdido su esp\u00edritu y se convert\u00edan en carga. Cristo asegura que no viene a abolir los mandamientos sino a darles vida. Imaginemos, por ejemplo, el precepto de no matar\u00e1s. Cuando tenemos al enemigo enfrente, cuando sentimos sus agresiones, instintivamente buscaremos la manera de hacerlo desaparecer.<\/p>\n\n\n\n<p>Viene Jes\u00fas y nos ense\u00f1a el mandamiento del amor. Quien ama, no mata; quien ama cuida la vida de los cercanos y de los lejanos; quien ama se preocupa por su pr\u00f3jimo. Pero si adem\u00e1s nos asegura que debemos de amar hasta los enemigos, lo que nos est\u00e1 pidiendo Jes\u00fas es mucho m\u00e1s: que convirtamos a aquellos que nos odian en objeto de nuestros cuidados y de nuestro amor; que quitemos de en medio a nuestros enemigos, no destruy\u00e9ndolos sino convirti\u00e9ndolos en amigos.<\/p>\n\n\n\n<p>Jes\u00fas supo llevar a plenitud el mandamiento que le daba su padre y lo hizo con alegr\u00eda y lo vivi\u00f3 a plenitud.<\/p>\n\n\n\n<p>\u00bfC\u00f3mo podemos hoy, en esta sociedad, que parece tan reacia a leyes y mandamientos, encontrar el verdadero sentido del mandamiento de Dios? \u00bfC\u00f3mo poder cuidar la vida seg\u00fan nos lo pide el Se\u00f1or? \u00bfC\u00f3mo vivir en una relaci\u00f3n amorosa, cuidadosa de unos con otros, c\u00f3mo lo espera de nosotros Jes\u00fas? Solo siguiendo su ejemplo, solo viviendo con la misma libertad que \u00c9l lo hizo<\/p>\n","protected":false},"excerpt":{"rendered":"<p>Dt 4, 1; 5-9 Si nos pregunt\u00e1semos por qu\u00e9 vivimos en un mundo tan corrupto, lleno de injusticia, infidelidad, violencia, etc., quiz\u00e1s la respuesta ser\u00eda: porque nos hemos olvidado de transmitir a nuestros hijos la verdad y la fe. Es triste que muchos de nosotros la \u00fanica instrucci\u00f3n que hayamos tenido sobre la fe haya &hellip; <\/p>\n<p class=\"link-more\"><a href=\"http:\/\/igfergon.com.mx\/?p=6163\" class=\"more-link\">Continuar leyendo<span class=\"screen-reader-text\"> \u00abMi\u00e9rcoles de la III Semana de Cuaresma\u00bb<\/span><\/a><\/p>\n","protected":false},"author":1,"featured_media":0,"comment_status":"closed","ping_status":"closed","sticky":false,"template":"","format":"standard","meta":{"footnotes":""},"categories":[13,14,10,1],"tags":[69,8,6,7,290],"class_list":["post-6163","post","type-post","status-publish","format-standard","hentry","category-comentario-al-evangelio","category-homilia","category-homilia-diaria","category-uncategorized","tag-comentario-al-evangelio-2","tag-homilia","tag-homilia-diaria","tag-liturgia","tag-miercoles-de-la-iii-semana-de-cuaresma"],"yoast_head":"<!-- This site is optimized with the Yoast SEO plugin v26.0 - https:\/\/yoast.com\/wordpress\/plugins\/seo\/ -->\n<title>Mi\u00e9rcoles de la III Semana de Cuaresma - El sitio del P. Ignacio Fern\u00e1ndez Gonz\u00e1lez<\/title>\n<meta name=\"robots\" content=\"index, follow, max-snippet:-1, max-image-preview:large, max-video-preview:-1\" \/>\n<link rel=\"canonical\" href=\"http:\/\/igfergon.com.mx\/?p=6163\" \/>\n<meta property=\"og:locale\" content=\"es_ES\" \/>\n<meta property=\"og:type\" content=\"article\" \/>\n<meta property=\"og:title\" content=\"Mi\u00e9rcoles de la III Semana de Cuaresma - El sitio del P. Ignacio Fern\u00e1ndez Gonz\u00e1lez\" \/>\n<meta property=\"og:description\" content=\"Dt 4, 1; 5-9 Si nos pregunt\u00e1semos por qu\u00e9 vivimos en un mundo tan corrupto, lleno de injusticia, infidelidad, violencia, etc., quiz\u00e1s la respuesta ser\u00eda: porque nos hemos olvidado de transmitir a nuestros hijos la verdad y la fe. Es triste que muchos de nosotros la \u00fanica instrucci\u00f3n que hayamos tenido sobre la fe haya &hellip; Continuar leyendo &quot;Mi\u00e9rcoles de la III Semana de Cuaresma&quot;\" \/>\n<meta property=\"og:url\" content=\"http:\/\/igfergon.com.mx\/?p=6163\" \/>\n<meta property=\"og:site_name\" content=\"El sitio del P. Ignacio Fern\u00e1ndez Gonz\u00e1lez\" \/>\n<meta property=\"article:publisher\" content=\"https:\/\/www.facebook.com\/\" \/>\n<meta property=\"article:published_time\" content=\"2026-03-11T08:21:16+00:00\" \/>\n<meta property=\"article:modified_time\" content=\"2026-03-11T08:21:18+00:00\" \/>\n<meta property=\"og:image\" content=\"http:\/\/igfergon.com.mx\/wp-content\/uploads\/2026\/03\/Miercoles-3SC-1.jpg\" \/>\n\t<meta property=\"og:image:width\" content=\"277\" \/>\n\t<meta property=\"og:image:height\" content=\"182\" \/>\n\t<meta property=\"og:image:type\" content=\"image\/jpeg\" \/>\n<meta name=\"author\" content=\"igfergon.com.mx\" \/>\n<meta name=\"twitter:card\" content=\"summary_large_image\" \/>\n<meta name=\"twitter:label1\" content=\"Escrito por\" \/>\n\t<meta name=\"twitter:data1\" content=\"igfergon.com.mx\" \/>\n\t<meta name=\"twitter:label2\" content=\"Tiempo de lectura\" \/>\n\t<meta name=\"twitter:data2\" content=\"4 minutos\" \/>\n<script type=\"application\/ld+json\" class=\"yoast-schema-graph\">{\"@context\":\"https:\/\/schema.org\",\"@graph\":[{\"@type\":\"Article\",\"@id\":\"http:\/\/igfergon.com.mx\/?p=6163#article\",\"isPartOf\":{\"@id\":\"http:\/\/igfergon.com.mx\/?p=6163\"},\"author\":{\"name\":\"igfergon.com.mx\",\"@id\":\"http:\/\/igfergon.com.mx\/#\/schema\/person\/b42517895faefafe2a81218226d90957\"},\"headline\":\"Mi\u00e9rcoles de la III Semana de Cuaresma\",\"datePublished\":\"2026-03-11T08:21:16+00:00\",\"dateModified\":\"2026-03-11T08:21:18+00:00\",\"mainEntityOfPage\":{\"@id\":\"http:\/\/igfergon.com.mx\/?p=6163\"},\"wordCount\":668,\"publisher\":{\"@id\":\"http:\/\/igfergon.com.mx\/#organization\"},\"image\":{\"@id\":\"http:\/\/igfergon.com.mx\/?p=6163#primaryimage\"},\"thumbnailUrl\":\"http:\/\/igfergon.com.mx\/wp-content\/uploads\/2026\/03\/Miercoles-3SC-1.jpg\",\"keywords\":[\"comentario al evangelio\",\"Homil\u00eda\",\"homil\u00eda diaria\",\"liturgia\",\"Mi\u00e9rcoles de la III Semana de Cuaresma\"],\"articleSection\":[\"comentario al evangelio\",\"homil\u00eda\",\"homil\u00eda diaria\",\"liturgia\"],\"inLanguage\":\"es\"},{\"@type\":\"WebPage\",\"@id\":\"http:\/\/igfergon.com.mx\/?p=6163\",\"url\":\"http:\/\/igfergon.com.mx\/?p=6163\",\"name\":\"Mi\u00e9rcoles de la III Semana de Cuaresma - El sitio del P. Ignacio Fern\u00e1ndez Gonz\u00e1lez\",\"isPartOf\":{\"@id\":\"http:\/\/igfergon.com.mx\/#website\"},\"primaryImageOfPage\":{\"@id\":\"http:\/\/igfergon.com.mx\/?p=6163#primaryimage\"},\"image\":{\"@id\":\"http:\/\/igfergon.com.mx\/?p=6163#primaryimage\"},\"thumbnailUrl\":\"http:\/\/igfergon.com.mx\/wp-content\/uploads\/2026\/03\/Miercoles-3SC-1.jpg\",\"datePublished\":\"2026-03-11T08:21:16+00:00\",\"dateModified\":\"2026-03-11T08:21:18+00:00\",\"breadcrumb\":{\"@id\":\"http:\/\/igfergon.com.mx\/?p=6163#breadcrumb\"},\"inLanguage\":\"es\",\"potentialAction\":[{\"@type\":\"ReadAction\",\"target\":[\"http:\/\/igfergon.com.mx\/?p=6163\"]}]},{\"@type\":\"ImageObject\",\"inLanguage\":\"es\",\"@id\":\"http:\/\/igfergon.com.mx\/?p=6163#primaryimage\",\"url\":\"http:\/\/igfergon.com.mx\/wp-content\/uploads\/2026\/03\/Miercoles-3SC-1.jpg\",\"contentUrl\":\"http:\/\/igfergon.com.mx\/wp-content\/uploads\/2026\/03\/Miercoles-3SC-1.jpg\",\"width\":277,\"height\":182},{\"@type\":\"BreadcrumbList\",\"@id\":\"http:\/\/igfergon.com.mx\/?p=6163#breadcrumb\",\"itemListElement\":[{\"@type\":\"ListItem\",\"position\":1,\"name\":\"Portada\",\"item\":\"http:\/\/igfergon.com.mx\/\"},{\"@type\":\"ListItem\",\"position\":2,\"name\":\"Mi\u00e9rcoles de la III Semana de Cuaresma\"}]},{\"@type\":\"WebSite\",\"@id\":\"http:\/\/igfergon.com.mx\/#website\",\"url\":\"http:\/\/igfergon.com.mx\/\",\"name\":\"El sitio del P. Ignacio Fern\u00e1ndez Gonz\u00e1lez\",\"description\":\"Para Ayudarte\",\"publisher\":{\"@id\":\"http:\/\/igfergon.com.mx\/#organization\"},\"potentialAction\":[{\"@type\":\"SearchAction\",\"target\":{\"@type\":\"EntryPoint\",\"urlTemplate\":\"http:\/\/igfergon.com.mx\/?s={search_term_string}\"},\"query-input\":{\"@type\":\"PropertyValueSpecification\",\"valueRequired\":true,\"valueName\":\"search_term_string\"}}],\"inLanguage\":\"es\"},{\"@type\":\"Organization\",\"@id\":\"http:\/\/igfergon.com.mx\/#organization\",\"name\":\"El sitio del P. Ignacio Fern\u00e1ndez Gonz\u00e1lez\",\"url\":\"http:\/\/igfergon.com.mx\/\",\"logo\":{\"@type\":\"ImageObject\",\"inLanguage\":\"es\",\"@id\":\"http:\/\/igfergon.com.mx\/#\/schema\/logo\/image\/\",\"url\":\"http:\/\/igfergon.com.mx\/wp-content\/uploads\/2018\/09\/cropped-ORDNACION02-2.jpg\",\"contentUrl\":\"http:\/\/igfergon.com.mx\/wp-content\/uploads\/2018\/09\/cropped-ORDNACION02-2.jpg\",\"width\":250,\"height\":250,\"caption\":\"El sitio del P. Ignacio Fern\u00e1ndez Gonz\u00e1lez\"},\"image\":{\"@id\":\"http:\/\/igfergon.com.mx\/#\/schema\/logo\/image\/\"},\"sameAs\":[\"https:\/\/www.facebook.com\/\"]},{\"@type\":\"Person\",\"@id\":\"http:\/\/igfergon.com.mx\/#\/schema\/person\/b42517895faefafe2a81218226d90957\",\"name\":\"igfergon.com.mx\",\"image\":{\"@type\":\"ImageObject\",\"inLanguage\":\"es\",\"@id\":\"http:\/\/igfergon.com.mx\/#\/schema\/person\/image\/\",\"url\":\"https:\/\/secure.gravatar.com\/avatar\/9fd60c5591f2c6b18e76a917a69f35b0732f8532b3679d0132b3503b545db7a6?s=96&d=mm&r=g\",\"contentUrl\":\"https:\/\/secure.gravatar.com\/avatar\/9fd60c5591f2c6b18e76a917a69f35b0732f8532b3679d0132b3503b545db7a6?s=96&d=mm&r=g\",\"caption\":\"igfergon.com.mx\"},\"url\":\"http:\/\/igfergon.com.mx\/?author=1\"}]}<\/script>\n<!-- \/ Yoast SEO plugin. -->","yoast_head_json":{"title":"Mi\u00e9rcoles de la III Semana de Cuaresma - El sitio del P. Ignacio Fern\u00e1ndez Gonz\u00e1lez","robots":{"index":"index","follow":"follow","max-snippet":"max-snippet:-1","max-image-preview":"max-image-preview:large","max-video-preview":"max-video-preview:-1"},"canonical":"http:\/\/igfergon.com.mx\/?p=6163","og_locale":"es_ES","og_type":"article","og_title":"Mi\u00e9rcoles de la III Semana de Cuaresma - El sitio del P. Ignacio Fern\u00e1ndez Gonz\u00e1lez","og_description":"Dt 4, 1; 5-9 Si nos pregunt\u00e1semos por qu\u00e9 vivimos en un mundo tan corrupto, lleno de injusticia, infidelidad, violencia, etc., quiz\u00e1s la respuesta ser\u00eda: porque nos hemos olvidado de transmitir a nuestros hijos la verdad y la fe. Es triste que muchos de nosotros la \u00fanica instrucci\u00f3n que hayamos tenido sobre la fe haya &hellip; Continuar leyendo \"Mi\u00e9rcoles de la III Semana de Cuaresma\"","og_url":"http:\/\/igfergon.com.mx\/?p=6163","og_site_name":"El sitio del P. Ignacio Fern\u00e1ndez Gonz\u00e1lez","article_publisher":"https:\/\/www.facebook.com\/","article_published_time":"2026-03-11T08:21:16+00:00","article_modified_time":"2026-03-11T08:21:18+00:00","og_image":[{"width":277,"height":182,"url":"http:\/\/igfergon.com.mx\/wp-content\/uploads\/2026\/03\/Miercoles-3SC-1.jpg","type":"image\/jpeg"}],"author":"igfergon.com.mx","twitter_card":"summary_large_image","twitter_misc":{"Escrito por":"igfergon.com.mx","Tiempo de lectura":"4 minutos"},"schema":{"@context":"https:\/\/schema.org","@graph":[{"@type":"Article","@id":"http:\/\/igfergon.com.mx\/?p=6163#article","isPartOf":{"@id":"http:\/\/igfergon.com.mx\/?p=6163"},"author":{"name":"igfergon.com.mx","@id":"http:\/\/igfergon.com.mx\/#\/schema\/person\/b42517895faefafe2a81218226d90957"},"headline":"Mi\u00e9rcoles de la III Semana de Cuaresma","datePublished":"2026-03-11T08:21:16+00:00","dateModified":"2026-03-11T08:21:18+00:00","mainEntityOfPage":{"@id":"http:\/\/igfergon.com.mx\/?p=6163"},"wordCount":668,"publisher":{"@id":"http:\/\/igfergon.com.mx\/#organization"},"image":{"@id":"http:\/\/igfergon.com.mx\/?p=6163#primaryimage"},"thumbnailUrl":"http:\/\/igfergon.com.mx\/wp-content\/uploads\/2026\/03\/Miercoles-3SC-1.jpg","keywords":["comentario al evangelio","Homil\u00eda","homil\u00eda diaria","liturgia","Mi\u00e9rcoles de la III Semana de Cuaresma"],"articleSection":["comentario al evangelio","homil\u00eda","homil\u00eda diaria","liturgia"],"inLanguage":"es"},{"@type":"WebPage","@id":"http:\/\/igfergon.com.mx\/?p=6163","url":"http:\/\/igfergon.com.mx\/?p=6163","name":"Mi\u00e9rcoles de la III Semana de Cuaresma - El sitio del P. Ignacio Fern\u00e1ndez Gonz\u00e1lez","isPartOf":{"@id":"http:\/\/igfergon.com.mx\/#website"},"primaryImageOfPage":{"@id":"http:\/\/igfergon.com.mx\/?p=6163#primaryimage"},"image":{"@id":"http:\/\/igfergon.com.mx\/?p=6163#primaryimage"},"thumbnailUrl":"http:\/\/igfergon.com.mx\/wp-content\/uploads\/2026\/03\/Miercoles-3SC-1.jpg","datePublished":"2026-03-11T08:21:16+00:00","dateModified":"2026-03-11T08:21:18+00:00","breadcrumb":{"@id":"http:\/\/igfergon.com.mx\/?p=6163#breadcrumb"},"inLanguage":"es","potentialAction":[{"@type":"ReadAction","target":["http:\/\/igfergon.com.mx\/?p=6163"]}]},{"@type":"ImageObject","inLanguage":"es","@id":"http:\/\/igfergon.com.mx\/?p=6163#primaryimage","url":"http:\/\/igfergon.com.mx\/wp-content\/uploads\/2026\/03\/Miercoles-3SC-1.jpg","contentUrl":"http:\/\/igfergon.com.mx\/wp-content\/uploads\/2026\/03\/Miercoles-3SC-1.jpg","width":277,"height":182},{"@type":"BreadcrumbList","@id":"http:\/\/igfergon.com.mx\/?p=6163#breadcrumb","itemListElement":[{"@type":"ListItem","position":1,"name":"Portada","item":"http:\/\/igfergon.com.mx\/"},{"@type":"ListItem","position":2,"name":"Mi\u00e9rcoles de la III Semana de Cuaresma"}]},{"@type":"WebSite","@id":"http:\/\/igfergon.com.mx\/#website","url":"http:\/\/igfergon.com.mx\/","name":"El sitio del P. Ignacio Fern\u00e1ndez Gonz\u00e1lez","description":"Para Ayudarte","publisher":{"@id":"http:\/\/igfergon.com.mx\/#organization"},"potentialAction":[{"@type":"SearchAction","target":{"@type":"EntryPoint","urlTemplate":"http:\/\/igfergon.com.mx\/?s={search_term_string}"},"query-input":{"@type":"PropertyValueSpecification","valueRequired":true,"valueName":"search_term_string"}}],"inLanguage":"es"},{"@type":"Organization","@id":"http:\/\/igfergon.com.mx\/#organization","name":"El sitio del P. Ignacio Fern\u00e1ndez Gonz\u00e1lez","url":"http:\/\/igfergon.com.mx\/","logo":{"@type":"ImageObject","inLanguage":"es","@id":"http:\/\/igfergon.com.mx\/#\/schema\/logo\/image\/","url":"http:\/\/igfergon.com.mx\/wp-content\/uploads\/2018\/09\/cropped-ORDNACION02-2.jpg","contentUrl":"http:\/\/igfergon.com.mx\/wp-content\/uploads\/2018\/09\/cropped-ORDNACION02-2.jpg","width":250,"height":250,"caption":"El sitio del P. Ignacio Fern\u00e1ndez Gonz\u00e1lez"},"image":{"@id":"http:\/\/igfergon.com.mx\/#\/schema\/logo\/image\/"},"sameAs":["https:\/\/www.facebook.com\/"]},{"@type":"Person","@id":"http:\/\/igfergon.com.mx\/#\/schema\/person\/b42517895faefafe2a81218226d90957","name":"igfergon.com.mx","image":{"@type":"ImageObject","inLanguage":"es","@id":"http:\/\/igfergon.com.mx\/#\/schema\/person\/image\/","url":"https:\/\/secure.gravatar.com\/avatar\/9fd60c5591f2c6b18e76a917a69f35b0732f8532b3679d0132b3503b545db7a6?s=96&d=mm&r=g","contentUrl":"https:\/\/secure.gravatar.com\/avatar\/9fd60c5591f2c6b18e76a917a69f35b0732f8532b3679d0132b3503b545db7a6?s=96&d=mm&r=g","caption":"igfergon.com.mx"},"url":"http:\/\/igfergon.com.mx\/?author=1"}]}},"_links":{"self":[{"href":"http:\/\/igfergon.com.mx\/index.php?rest_route=\/wp\/v2\/posts\/6163","targetHints":{"allow":["GET"]}}],"collection":[{"href":"http:\/\/igfergon.com.mx\/index.php?rest_route=\/wp\/v2\/posts"}],"about":[{"href":"http:\/\/igfergon.com.mx\/index.php?rest_route=\/wp\/v2\/types\/post"}],"author":[{"embeddable":true,"href":"http:\/\/igfergon.com.mx\/index.php?rest_route=\/wp\/v2\/users\/1"}],"replies":[{"embeddable":true,"href":"http:\/\/igfergon.com.mx\/index.php?rest_route=%2Fwp%2Fv2%2Fcomments&post=6163"}],"version-history":[{"count":1,"href":"http:\/\/igfergon.com.mx\/index.php?rest_route=\/wp\/v2\/posts\/6163\/revisions"}],"predecessor-version":[{"id":6165,"href":"http:\/\/igfergon.com.mx\/index.php?rest_route=\/wp\/v2\/posts\/6163\/revisions\/6165"}],"wp:attachment":[{"href":"http:\/\/igfergon.com.mx\/index.php?rest_route=%2Fwp%2Fv2%2Fmedia&parent=6163"}],"wp:term":[{"taxonomy":"category","embeddable":true,"href":"http:\/\/igfergon.com.mx\/index.php?rest_route=%2Fwp%2Fv2%2Fcategories&post=6163"},{"taxonomy":"post_tag","embeddable":true,"href":"http:\/\/igfergon.com.mx\/index.php?rest_route=%2Fwp%2Fv2%2Ftags&post=6163"}],"curies":[{"name":"wp","href":"https:\/\/api.w.org\/{rel}","templated":true}]}}