{"id":6166,"date":"2026-03-12T10:36:11","date_gmt":"2026-03-12T08:36:11","guid":{"rendered":"http:\/\/igfergon.com.mx\/?p=6166"},"modified":"2026-03-12T10:36:13","modified_gmt":"2026-03-12T08:36:13","slug":"jueves-de-la-iii-semana-de-cuaresma-4","status":"publish","type":"post","link":"http:\/\/igfergon.com.mx\/?p=6166","title":{"rendered":"Jueves de la III Semana de Cuaresma"},"content":{"rendered":"<div class=\"wp-block-image\">\n<figure class=\"aligncenter size-full\"><img loading=\"lazy\" decoding=\"async\" width=\"257\" height=\"196\" src=\"http:\/\/igfergon.com.mx\/wp-content\/uploads\/2026\/03\/Viernes-3SC.jpg\" alt=\"\" class=\"wp-image-6168\" srcset=\"http:\/\/igfergon.com.mx\/wp-content\/uploads\/2026\/03\/Viernes-3SC.jpg 257w, http:\/\/igfergon.com.mx\/wp-content\/uploads\/2026\/03\/Viernes-3SC-200x153.jpg 200w\" sizes=\"auto, (max-width: 257px) 100vw, 257px\" \/><\/figure>\n<\/div>\n\n\n<p><strong>Jer 7, 23-28<\/strong><\/p>\n\n\n\n<p>El reproche y lamentaci\u00f3n de Dios no s\u00f3lo fue para el pueblo de Israel sino para todos aquellos que todav\u00eda hoy contin\u00faan cerrando su coraz\u00f3n a su amor y a sus ense\u00f1anzas.<\/p>\n\n\n\n<p>Dios continua mostr\u00e1ndonos su amor e invit\u00e1ndonos a vivir en comuni\u00f3n con \u00c9l, a tenerlo verdaderamente como Dios, y no como un \u00eddolo inerte.<\/p>\n\n\n\n<p>Lo hace y ha hecho a trav\u00e9s de los sacerdotes, de nuestros padres, de muchos de nuestros amigos. Pensemos por un momento \u00bfcu\u00e1l ha sido nuestra respuesta a este amor ilimitado e infatigable de Dios por nosotros?<\/p>\n\n\n\n<p>Aprovecha este tiempo para volverte al Se\u00f1or, para responder con m\u00e1s generosidad a sus mandamientos, para crecer en el amor a tus hermanos, para ser m\u00e1s de \u00c9l.<\/p>\n\n\n\n<p><strong>Lucas 11, 14-23<\/strong><\/p>\n\n\n\n<p>A Jes\u00fas algunos tampoco lo escuchan ni le hacen caso. Para no tener que prestar atenci\u00f3n a lo que dice porque es inc\u00f3modo buscan excusas. Hoy el evangelio nos presenta una que es realmente poco razonable: quien expulsa demonios est\u00e1 en conformidad con el mismo Satan\u00e1s. La respuesta de Jes\u00fas est\u00e1 llena de sentido com\u00fan: un reino divido no podr\u00e1 subsistir.<\/p>\n\n\n\n<p>A veces resultan incomprensibles las actitudes de los testigos de las curaciones de Jes\u00fas, cuando \u00c9l ha hecho hablar a un mudo. Es cierto que algunos se quedan maravillados, pero otros se ponen a jugar y a criticar hasta acusarlo de hacer prodigios por arte del demonio. \u00bfPretextos para no acercarse a Jes\u00fas? \u00bfTemor a que los que no hablan puedan expresarse?<\/p>\n\n\n\n<p>No es raro que a\u00fan con pretextos religiosos, pretendamos solamente nosotros tener la raz\u00f3n y descalificar a los dem\u00e1s argumentando sus intereses oscuros, su mala vida o malas influencias.<\/p>\n\n\n\n<p>Lo que sucedi\u00f3 a Jes\u00fas hoy mismo puede suceder, llevarnos a descalificar a qui\u00e9nes realmente buscan justicia, verdad y paz.<\/p>\n\n\n\n<p>Los primeros cristianos, frecuentemente, se vieron se\u00f1alados como secta y partidarios de las malas artes, sin embargo ellos quer\u00edan mantenerse fieles a Jes\u00fas. Desde ellos se entienden estas palabras y nos ayudan a visualizar mejor lo que Cristo nos ense\u00f1a. No es f\u00e1cil seguirlo, pero cuando estemos decididos, debemos hacerlo con coherencia y no con antig\u00fcedades<\/p>\n\n\n\n<p>Somos muy dados a apostar a dos o m\u00e1s seguridades, queremos estar con Dios y estar con el mundo y sus encantos, queremos como dicen encenderle una vela a Dios y otra al diablo.<\/p>\n\n\n\n<p>Jes\u00fas es consciente de que seguirlo implica renuncias, implica claridad de intenciones e implica asumir las consecuencias. Nos pide que nos definamos claramente y asumamos su misma forma de actuar. No podemos en un momento estar con \u00c9l y despu\u00e9s hacernos los desentendidos, sobre todo cuando debemos asumir como \u00c9l actitudes que liberan, que comprometen y que deben dar vida.<\/p>\n\n\n\n<p>Hacer hablar a los mudos que est\u00e1n condenados al silencio por nuestra sociedad nos puede costar persecuciones. Asumir los criterios de Jes\u00fas pueden causarnos burlas y desprecios, seguir su b\u00fasqueda de justicia trae sus consecuencias.<\/p>\n\n\n\n<p>Hoy nos acercamos a Jes\u00fas y le decimos que queremos ser de los suyos, de los suyos de verdad, aunque implique riesgos y consecuencias. Le pedimos que nos de la fortaleza y la sabidur\u00eda necesarias para que le seamos fieles.<\/p>\n\n\n\n<p><\/p>\n","protected":false},"excerpt":{"rendered":"<p>Jer 7, 23-28 El reproche y lamentaci\u00f3n de Dios no s\u00f3lo fue para el pueblo de Israel sino para todos aquellos que todav\u00eda hoy contin\u00faan cerrando su coraz\u00f3n a su amor y a sus ense\u00f1anzas. Dios continua mostr\u00e1ndonos su amor e invit\u00e1ndonos a vivir en comuni\u00f3n con \u00c9l, a tenerlo verdaderamente como Dios, y no &hellip; <\/p>\n<p class=\"link-more\"><a href=\"http:\/\/igfergon.com.mx\/?p=6166\" class=\"more-link\">Continuar leyendo<span class=\"screen-reader-text\"> \u00abJueves de la III Semana de Cuaresma\u00bb<\/span><\/a><\/p>\n","protected":false},"author":1,"featured_media":0,"comment_status":"closed","ping_status":"closed","sticky":false,"template":"","format":"standard","meta":{"footnotes":""},"categories":[13,14,10,1],"tags":[69,8,6,291,7],"class_list":["post-6166","post","type-post","status-publish","format-standard","hentry","category-comentario-al-evangelio","category-homilia","category-homilia-diaria","category-uncategorized","tag-comentario-al-evangelio-2","tag-homilia","tag-homilia-diaria","tag-jueves-de-la-iii-semana-de-cuaresma","tag-liturgia"],"yoast_head":"<!-- This site is optimized with the Yoast SEO plugin v26.0 - https:\/\/yoast.com\/wordpress\/plugins\/seo\/ -->\n<title>Jueves de la III Semana de Cuaresma - El sitio del P. Ignacio Fern\u00e1ndez Gonz\u00e1lez<\/title>\n<meta name=\"robots\" content=\"index, follow, max-snippet:-1, max-image-preview:large, max-video-preview:-1\" \/>\n<link rel=\"canonical\" href=\"http:\/\/igfergon.com.mx\/?p=6166\" \/>\n<meta property=\"og:locale\" content=\"es_ES\" \/>\n<meta property=\"og:type\" content=\"article\" \/>\n<meta property=\"og:title\" content=\"Jueves de la III Semana de Cuaresma - El sitio del P. Ignacio Fern\u00e1ndez Gonz\u00e1lez\" \/>\n<meta property=\"og:description\" content=\"Jer 7, 23-28 El reproche y lamentaci\u00f3n de Dios no s\u00f3lo fue para el pueblo de Israel sino para todos aquellos que todav\u00eda hoy contin\u00faan cerrando su coraz\u00f3n a su amor y a sus ense\u00f1anzas. Dios continua mostr\u00e1ndonos su amor e invit\u00e1ndonos a vivir en comuni\u00f3n con \u00c9l, a tenerlo verdaderamente como Dios, y no &hellip; Continuar leyendo &quot;Jueves de la III Semana de Cuaresma&quot;\" \/>\n<meta property=\"og:url\" content=\"http:\/\/igfergon.com.mx\/?p=6166\" \/>\n<meta property=\"og:site_name\" content=\"El sitio del P. Ignacio Fern\u00e1ndez Gonz\u00e1lez\" \/>\n<meta property=\"article:publisher\" content=\"https:\/\/www.facebook.com\/\" \/>\n<meta property=\"article:published_time\" content=\"2026-03-12T08:36:11+00:00\" \/>\n<meta property=\"article:modified_time\" content=\"2026-03-12T08:36:13+00:00\" \/>\n<meta property=\"og:image\" content=\"http:\/\/igfergon.com.mx\/wp-content\/uploads\/2026\/03\/Viernes-3SC.jpg\" \/>\n\t<meta property=\"og:image:width\" content=\"257\" \/>\n\t<meta property=\"og:image:height\" content=\"196\" \/>\n\t<meta property=\"og:image:type\" content=\"image\/jpeg\" \/>\n<meta name=\"author\" content=\"igfergon.com.mx\" \/>\n<meta name=\"twitter:card\" content=\"summary_large_image\" \/>\n<meta name=\"twitter:label1\" content=\"Escrito por\" \/>\n\t<meta name=\"twitter:data1\" content=\"igfergon.com.mx\" \/>\n\t<meta name=\"twitter:label2\" content=\"Tiempo de lectura\" \/>\n\t<meta name=\"twitter:data2\" content=\"3 minutos\" \/>\n<script type=\"application\/ld+json\" class=\"yoast-schema-graph\">{\"@context\":\"https:\/\/schema.org\",\"@graph\":[{\"@type\":\"Article\",\"@id\":\"http:\/\/igfergon.com.mx\/?p=6166#article\",\"isPartOf\":{\"@id\":\"http:\/\/igfergon.com.mx\/?p=6166\"},\"author\":{\"name\":\"igfergon.com.mx\",\"@id\":\"http:\/\/igfergon.com.mx\/#\/schema\/person\/b42517895faefafe2a81218226d90957\"},\"headline\":\"Jueves de la III Semana de Cuaresma\",\"datePublished\":\"2026-03-12T08:36:11+00:00\",\"dateModified\":\"2026-03-12T08:36:13+00:00\",\"mainEntityOfPage\":{\"@id\":\"http:\/\/igfergon.com.mx\/?p=6166\"},\"wordCount\":570,\"publisher\":{\"@id\":\"http:\/\/igfergon.com.mx\/#organization\"},\"image\":{\"@id\":\"http:\/\/igfergon.com.mx\/?p=6166#primaryimage\"},\"thumbnailUrl\":\"http:\/\/igfergon.com.mx\/wp-content\/uploads\/2026\/03\/Viernes-3SC.jpg\",\"keywords\":[\"comentario al evangelio\",\"Homil\u00eda\",\"homil\u00eda diaria\",\"Jueves de la III Semana de Cuaresma\",\"liturgia\"],\"articleSection\":[\"comentario al evangelio\",\"homil\u00eda\",\"homil\u00eda diaria\",\"liturgia\"],\"inLanguage\":\"es\"},{\"@type\":\"WebPage\",\"@id\":\"http:\/\/igfergon.com.mx\/?p=6166\",\"url\":\"http:\/\/igfergon.com.mx\/?p=6166\",\"name\":\"Jueves de la III Semana de Cuaresma - El sitio del P. Ignacio Fern\u00e1ndez Gonz\u00e1lez\",\"isPartOf\":{\"@id\":\"http:\/\/igfergon.com.mx\/#website\"},\"primaryImageOfPage\":{\"@id\":\"http:\/\/igfergon.com.mx\/?p=6166#primaryimage\"},\"image\":{\"@id\":\"http:\/\/igfergon.com.mx\/?p=6166#primaryimage\"},\"thumbnailUrl\":\"http:\/\/igfergon.com.mx\/wp-content\/uploads\/2026\/03\/Viernes-3SC.jpg\",\"datePublished\":\"2026-03-12T08:36:11+00:00\",\"dateModified\":\"2026-03-12T08:36:13+00:00\",\"breadcrumb\":{\"@id\":\"http:\/\/igfergon.com.mx\/?p=6166#breadcrumb\"},\"inLanguage\":\"es\",\"potentialAction\":[{\"@type\":\"ReadAction\",\"target\":[\"http:\/\/igfergon.com.mx\/?p=6166\"]}]},{\"@type\":\"ImageObject\",\"inLanguage\":\"es\",\"@id\":\"http:\/\/igfergon.com.mx\/?p=6166#primaryimage\",\"url\":\"http:\/\/igfergon.com.mx\/wp-content\/uploads\/2026\/03\/Viernes-3SC.jpg\",\"contentUrl\":\"http:\/\/igfergon.com.mx\/wp-content\/uploads\/2026\/03\/Viernes-3SC.jpg\",\"width\":257,\"height\":196},{\"@type\":\"BreadcrumbList\",\"@id\":\"http:\/\/igfergon.com.mx\/?p=6166#breadcrumb\",\"itemListElement\":[{\"@type\":\"ListItem\",\"position\":1,\"name\":\"Portada\",\"item\":\"http:\/\/igfergon.com.mx\/\"},{\"@type\":\"ListItem\",\"position\":2,\"name\":\"Jueves de la III Semana de Cuaresma\"}]},{\"@type\":\"WebSite\",\"@id\":\"http:\/\/igfergon.com.mx\/#website\",\"url\":\"http:\/\/igfergon.com.mx\/\",\"name\":\"El sitio del P. Ignacio Fern\u00e1ndez Gonz\u00e1lez\",\"description\":\"Para Ayudarte\",\"publisher\":{\"@id\":\"http:\/\/igfergon.com.mx\/#organization\"},\"potentialAction\":[{\"@type\":\"SearchAction\",\"target\":{\"@type\":\"EntryPoint\",\"urlTemplate\":\"http:\/\/igfergon.com.mx\/?s={search_term_string}\"},\"query-input\":{\"@type\":\"PropertyValueSpecification\",\"valueRequired\":true,\"valueName\":\"search_term_string\"}}],\"inLanguage\":\"es\"},{\"@type\":\"Organization\",\"@id\":\"http:\/\/igfergon.com.mx\/#organization\",\"name\":\"El sitio del P. Ignacio Fern\u00e1ndez Gonz\u00e1lez\",\"url\":\"http:\/\/igfergon.com.mx\/\",\"logo\":{\"@type\":\"ImageObject\",\"inLanguage\":\"es\",\"@id\":\"http:\/\/igfergon.com.mx\/#\/schema\/logo\/image\/\",\"url\":\"http:\/\/igfergon.com.mx\/wp-content\/uploads\/2018\/09\/cropped-ORDNACION02-2.jpg\",\"contentUrl\":\"http:\/\/igfergon.com.mx\/wp-content\/uploads\/2018\/09\/cropped-ORDNACION02-2.jpg\",\"width\":250,\"height\":250,\"caption\":\"El sitio del P. Ignacio Fern\u00e1ndez Gonz\u00e1lez\"},\"image\":{\"@id\":\"http:\/\/igfergon.com.mx\/#\/schema\/logo\/image\/\"},\"sameAs\":[\"https:\/\/www.facebook.com\/\"]},{\"@type\":\"Person\",\"@id\":\"http:\/\/igfergon.com.mx\/#\/schema\/person\/b42517895faefafe2a81218226d90957\",\"name\":\"igfergon.com.mx\",\"image\":{\"@type\":\"ImageObject\",\"inLanguage\":\"es\",\"@id\":\"http:\/\/igfergon.com.mx\/#\/schema\/person\/image\/\",\"url\":\"https:\/\/secure.gravatar.com\/avatar\/9fd60c5591f2c6b18e76a917a69f35b0732f8532b3679d0132b3503b545db7a6?s=96&d=mm&r=g\",\"contentUrl\":\"https:\/\/secure.gravatar.com\/avatar\/9fd60c5591f2c6b18e76a917a69f35b0732f8532b3679d0132b3503b545db7a6?s=96&d=mm&r=g\",\"caption\":\"igfergon.com.mx\"},\"url\":\"http:\/\/igfergon.com.mx\/?author=1\"}]}<\/script>\n<!-- \/ Yoast SEO plugin. -->","yoast_head_json":{"title":"Jueves de la III Semana de Cuaresma - El sitio del P. Ignacio Fern\u00e1ndez Gonz\u00e1lez","robots":{"index":"index","follow":"follow","max-snippet":"max-snippet:-1","max-image-preview":"max-image-preview:large","max-video-preview":"max-video-preview:-1"},"canonical":"http:\/\/igfergon.com.mx\/?p=6166","og_locale":"es_ES","og_type":"article","og_title":"Jueves de la III Semana de Cuaresma - El sitio del P. Ignacio Fern\u00e1ndez Gonz\u00e1lez","og_description":"Jer 7, 23-28 El reproche y lamentaci\u00f3n de Dios no s\u00f3lo fue para el pueblo de Israel sino para todos aquellos que todav\u00eda hoy contin\u00faan cerrando su coraz\u00f3n a su amor y a sus ense\u00f1anzas. Dios continua mostr\u00e1ndonos su amor e invit\u00e1ndonos a vivir en comuni\u00f3n con \u00c9l, a tenerlo verdaderamente como Dios, y no &hellip; Continuar leyendo \"Jueves de la III Semana de Cuaresma\"","og_url":"http:\/\/igfergon.com.mx\/?p=6166","og_site_name":"El sitio del P. Ignacio Fern\u00e1ndez Gonz\u00e1lez","article_publisher":"https:\/\/www.facebook.com\/","article_published_time":"2026-03-12T08:36:11+00:00","article_modified_time":"2026-03-12T08:36:13+00:00","og_image":[{"width":257,"height":196,"url":"http:\/\/igfergon.com.mx\/wp-content\/uploads\/2026\/03\/Viernes-3SC.jpg","type":"image\/jpeg"}],"author":"igfergon.com.mx","twitter_card":"summary_large_image","twitter_misc":{"Escrito por":"igfergon.com.mx","Tiempo de lectura":"3 minutos"},"schema":{"@context":"https:\/\/schema.org","@graph":[{"@type":"Article","@id":"http:\/\/igfergon.com.mx\/?p=6166#article","isPartOf":{"@id":"http:\/\/igfergon.com.mx\/?p=6166"},"author":{"name":"igfergon.com.mx","@id":"http:\/\/igfergon.com.mx\/#\/schema\/person\/b42517895faefafe2a81218226d90957"},"headline":"Jueves de la III Semana de Cuaresma","datePublished":"2026-03-12T08:36:11+00:00","dateModified":"2026-03-12T08:36:13+00:00","mainEntityOfPage":{"@id":"http:\/\/igfergon.com.mx\/?p=6166"},"wordCount":570,"publisher":{"@id":"http:\/\/igfergon.com.mx\/#organization"},"image":{"@id":"http:\/\/igfergon.com.mx\/?p=6166#primaryimage"},"thumbnailUrl":"http:\/\/igfergon.com.mx\/wp-content\/uploads\/2026\/03\/Viernes-3SC.jpg","keywords":["comentario al evangelio","Homil\u00eda","homil\u00eda diaria","Jueves de la III Semana de Cuaresma","liturgia"],"articleSection":["comentario al evangelio","homil\u00eda","homil\u00eda diaria","liturgia"],"inLanguage":"es"},{"@type":"WebPage","@id":"http:\/\/igfergon.com.mx\/?p=6166","url":"http:\/\/igfergon.com.mx\/?p=6166","name":"Jueves de la III Semana de Cuaresma - El sitio del P. Ignacio Fern\u00e1ndez Gonz\u00e1lez","isPartOf":{"@id":"http:\/\/igfergon.com.mx\/#website"},"primaryImageOfPage":{"@id":"http:\/\/igfergon.com.mx\/?p=6166#primaryimage"},"image":{"@id":"http:\/\/igfergon.com.mx\/?p=6166#primaryimage"},"thumbnailUrl":"http:\/\/igfergon.com.mx\/wp-content\/uploads\/2026\/03\/Viernes-3SC.jpg","datePublished":"2026-03-12T08:36:11+00:00","dateModified":"2026-03-12T08:36:13+00:00","breadcrumb":{"@id":"http:\/\/igfergon.com.mx\/?p=6166#breadcrumb"},"inLanguage":"es","potentialAction":[{"@type":"ReadAction","target":["http:\/\/igfergon.com.mx\/?p=6166"]}]},{"@type":"ImageObject","inLanguage":"es","@id":"http:\/\/igfergon.com.mx\/?p=6166#primaryimage","url":"http:\/\/igfergon.com.mx\/wp-content\/uploads\/2026\/03\/Viernes-3SC.jpg","contentUrl":"http:\/\/igfergon.com.mx\/wp-content\/uploads\/2026\/03\/Viernes-3SC.jpg","width":257,"height":196},{"@type":"BreadcrumbList","@id":"http:\/\/igfergon.com.mx\/?p=6166#breadcrumb","itemListElement":[{"@type":"ListItem","position":1,"name":"Portada","item":"http:\/\/igfergon.com.mx\/"},{"@type":"ListItem","position":2,"name":"Jueves de la III Semana de Cuaresma"}]},{"@type":"WebSite","@id":"http:\/\/igfergon.com.mx\/#website","url":"http:\/\/igfergon.com.mx\/","name":"El sitio del P. Ignacio Fern\u00e1ndez Gonz\u00e1lez","description":"Para Ayudarte","publisher":{"@id":"http:\/\/igfergon.com.mx\/#organization"},"potentialAction":[{"@type":"SearchAction","target":{"@type":"EntryPoint","urlTemplate":"http:\/\/igfergon.com.mx\/?s={search_term_string}"},"query-input":{"@type":"PropertyValueSpecification","valueRequired":true,"valueName":"search_term_string"}}],"inLanguage":"es"},{"@type":"Organization","@id":"http:\/\/igfergon.com.mx\/#organization","name":"El sitio del P. Ignacio Fern\u00e1ndez Gonz\u00e1lez","url":"http:\/\/igfergon.com.mx\/","logo":{"@type":"ImageObject","inLanguage":"es","@id":"http:\/\/igfergon.com.mx\/#\/schema\/logo\/image\/","url":"http:\/\/igfergon.com.mx\/wp-content\/uploads\/2018\/09\/cropped-ORDNACION02-2.jpg","contentUrl":"http:\/\/igfergon.com.mx\/wp-content\/uploads\/2018\/09\/cropped-ORDNACION02-2.jpg","width":250,"height":250,"caption":"El sitio del P. Ignacio Fern\u00e1ndez Gonz\u00e1lez"},"image":{"@id":"http:\/\/igfergon.com.mx\/#\/schema\/logo\/image\/"},"sameAs":["https:\/\/www.facebook.com\/"]},{"@type":"Person","@id":"http:\/\/igfergon.com.mx\/#\/schema\/person\/b42517895faefafe2a81218226d90957","name":"igfergon.com.mx","image":{"@type":"ImageObject","inLanguage":"es","@id":"http:\/\/igfergon.com.mx\/#\/schema\/person\/image\/","url":"https:\/\/secure.gravatar.com\/avatar\/9fd60c5591f2c6b18e76a917a69f35b0732f8532b3679d0132b3503b545db7a6?s=96&d=mm&r=g","contentUrl":"https:\/\/secure.gravatar.com\/avatar\/9fd60c5591f2c6b18e76a917a69f35b0732f8532b3679d0132b3503b545db7a6?s=96&d=mm&r=g","caption":"igfergon.com.mx"},"url":"http:\/\/igfergon.com.mx\/?author=1"}]}},"_links":{"self":[{"href":"http:\/\/igfergon.com.mx\/index.php?rest_route=\/wp\/v2\/posts\/6166","targetHints":{"allow":["GET"]}}],"collection":[{"href":"http:\/\/igfergon.com.mx\/index.php?rest_route=\/wp\/v2\/posts"}],"about":[{"href":"http:\/\/igfergon.com.mx\/index.php?rest_route=\/wp\/v2\/types\/post"}],"author":[{"embeddable":true,"href":"http:\/\/igfergon.com.mx\/index.php?rest_route=\/wp\/v2\/users\/1"}],"replies":[{"embeddable":true,"href":"http:\/\/igfergon.com.mx\/index.php?rest_route=%2Fwp%2Fv2%2Fcomments&post=6166"}],"version-history":[{"count":1,"href":"http:\/\/igfergon.com.mx\/index.php?rest_route=\/wp\/v2\/posts\/6166\/revisions"}],"predecessor-version":[{"id":6169,"href":"http:\/\/igfergon.com.mx\/index.php?rest_route=\/wp\/v2\/posts\/6166\/revisions\/6169"}],"wp:attachment":[{"href":"http:\/\/igfergon.com.mx\/index.php?rest_route=%2Fwp%2Fv2%2Fmedia&parent=6166"}],"wp:term":[{"taxonomy":"category","embeddable":true,"href":"http:\/\/igfergon.com.mx\/index.php?rest_route=%2Fwp%2Fv2%2Fcategories&post=6166"},{"taxonomy":"post_tag","embeddable":true,"href":"http:\/\/igfergon.com.mx\/index.php?rest_route=%2Fwp%2Fv2%2Ftags&post=6166"}],"curies":[{"name":"wp","href":"https:\/\/api.w.org\/{rel}","templated":true}]}}