{"id":6170,"date":"2026-03-13T10:44:13","date_gmt":"2026-03-13T08:44:13","guid":{"rendered":"http:\/\/igfergon.com.mx\/?p=6170"},"modified":"2026-03-13T10:44:14","modified_gmt":"2026-03-13T08:44:14","slug":"viernes-de-la-iii-semana-de-cuaresma-4","status":"publish","type":"post","link":"http:\/\/igfergon.com.mx\/?p=6170","title":{"rendered":"Viernes de la III Semana de Cuaresma"},"content":{"rendered":"<div class=\"wp-block-image\">\n<figure class=\"aligncenter size-full\"><img loading=\"lazy\" decoding=\"async\" width=\"300\" height=\"168\" src=\"http:\/\/igfergon.com.mx\/wp-content\/uploads\/2026\/03\/Viernes-3SC-1.jpg\" alt=\"\" class=\"wp-image-6171\" srcset=\"http:\/\/igfergon.com.mx\/wp-content\/uploads\/2026\/03\/Viernes-3SC-1.jpg 300w, http:\/\/igfergon.com.mx\/wp-content\/uploads\/2026\/03\/Viernes-3SC-1-200x112.jpg 200w\" sizes=\"auto, (max-width: 300px) 100vw, 300px\" \/><\/figure>\n<\/div>\n\n\n<p><strong>Os 14,2-10<\/strong><\/p>\n\n\n\n<p>Una da las cosas que m\u00e1s impresionan en este pasaje es la ternura de Dios para el pecador.<\/p>\n\n\n\n<p>Quiz\u00e1s algo que todav\u00eda debamos cambiar en nuestro coraz\u00f3n es nuestro concepto de Dios y de su amor infinito.<\/p>\n\n\n\n<p>Muchos de nosotros nos parecer\u00edamos al Hijo prodigo de la par\u00e1bola contada por Jes\u00fas, \u00e9l cual mientras caminaba de regreso al Padre todav\u00eda iba preparando su \u00abexcusa\u00bb o su defensa.<\/p>\n\n\n\n<p>El final de la par\u00e1bola nos muestra que no necesitamos defensa ni excusa con Dios, pues Dios es un padre tierno y amoroso que nos ama incondicionalmente. Nos ama por lo que somos; sus hijos y no por lo que hayamos o no hecho.<\/p>\n\n\n\n<p>Aprovecha esta Cuaresma para recibir el amor y el perd\u00f3n incondicional de Dios a trav\u00e9s del Sacramento de la Reconciliaci\u00f3n y d\u00e9jate abrazar por \u00c9l.<\/p>\n\n\n\n<p><strong>Mc 12,28-34<\/strong><\/p>\n\n\n\n<p>No es extra\u00f1a la pregunta que le hace el escriba a Jes\u00fas, puede resonar como pregunta apremiante para nuestro tiempo, \u00bfqu\u00e9 es lo m\u00e1s importante de nuestra religi\u00f3n? Para ser verdadero cristiano, \u00bfqu\u00e9 debo hacer?<\/p>\n\n\n\n<p>Si hici\u00e9ramos esta pregunta a cualquier persona de la calle, de nuestro barrio o a nosotros mismos, descubrir\u00edamos la gran variedad de respuestas y c\u00f3mo muchas de ellas quedan en la ambig\u00fcedad o en cosas superficiales.<\/p>\n\n\n\n<p>Jes\u00fas repite los mandamientos al escriba, no porque no los conozca, pues es su profesi\u00f3n conocerlos perfectamente, sino porque muchas veces aunque los conozcamos no los practicamos.<\/p>\n\n\n\n<p>Los jud\u00edos hab\u00edan multiplicado tanto los mandamientos y dec\u00edan que todos se deb\u00edan de cumplir igualmente, por lo tanto una pregunta como la que hemos escuchado en el Evangelio no tendr\u00eda sentido.<\/p>\n\n\n\n<p>Jes\u00fas orienta al escriba, y a cada uno de nosotros, a que descubramos qu\u00e9 es lo realmente importante. Algunos se preocupan m\u00e1s de los ritos y de lo exterior, de la religi\u00f3n y de los mandamientos, que olvidamos el amor a Dios. Quiz\u00e1s deber\u00edamos decir que nos olvidamos del amor de Dios, porque lo primero que Jes\u00fas nos pide es que nos reconozcamos amados por Dios y que vivamos cada momento de nuestra vida sabi\u00e9ndonos amados por Dios, como en la atm\u00f3sfera del amor de Dios.<\/p>\n\n\n\n<p>Claro que si me reconozco amado por Dios, mi respuesta ser\u00e1 el amor, limitado, pero que quiere corresponder. Pero el amor de Dios y el amor a Dios no pueden estar divorciados del amor al pr\u00f3jimo.<\/p>\n\n\n\n<p>Hay quienes se dicen religiosos y odian a su pr\u00f3jimo, a su vecina, a su pareja, a los cercanos o a los lejanos y viven tan tranquilos, como calmando su conciencia con ritos y oraciones.<\/p>\n\n\n\n<p>Jes\u00fas, hoy nos centra en lo m\u00e1s importante que sostiene nuestra vida espiritual, son esos dos ejes sobre los que se desliza nuestra existencia. El amor a Dios se hace concreto en las personas m\u00e1s cercanas: pareja, hijos, vecinos, compa\u00f1eros, los pobres y necesitados.<\/p>\n\n\n\n<p>No podemos amar a Dios si no se hace concreto nuestro amor en los mismos que Dios ama. <strong>No se puede amar a Dios sin amar al pr\u00f3jimo, y no se puede amar al pr\u00f3jimo sin amar a Dios.<\/strong><\/p>\n\n\n\n<p>\u00bfC\u00f3mo es mi amor a Dios? \u00bfC\u00f3mo es mi amor al pr\u00f3jimo? Respondamos a Jes\u00fas.<\/p>\n\n\n\n<p><\/p>\n","protected":false},"excerpt":{"rendered":"<p>Os 14,2-10 Una da las cosas que m\u00e1s impresionan en este pasaje es la ternura de Dios para el pecador. Quiz\u00e1s algo que todav\u00eda debamos cambiar en nuestro coraz\u00f3n es nuestro concepto de Dios y de su amor infinito. Muchos de nosotros nos parecer\u00edamos al Hijo prodigo de la par\u00e1bola contada por Jes\u00fas, \u00e9l cual &hellip; <\/p>\n<p class=\"link-more\"><a href=\"http:\/\/igfergon.com.mx\/?p=6170\" class=\"more-link\">Continuar leyendo<span class=\"screen-reader-text\"> \u00abViernes de la III Semana de Cuaresma\u00bb<\/span><\/a><\/p>\n","protected":false},"author":1,"featured_media":0,"comment_status":"closed","ping_status":"closed","sticky":false,"template":"","format":"standard","meta":{"footnotes":""},"categories":[13,14,10,1],"tags":[69,8,6,7,292],"class_list":["post-6170","post","type-post","status-publish","format-standard","hentry","category-comentario-al-evangelio","category-homilia","category-homilia-diaria","category-uncategorized","tag-comentario-al-evangelio-2","tag-homilia","tag-homilia-diaria","tag-liturgia","tag-viernes-de-la-iii-semana-de-cuaresma"],"yoast_head":"<!-- This site is optimized with the Yoast SEO plugin v26.0 - https:\/\/yoast.com\/wordpress\/plugins\/seo\/ -->\n<title>Viernes de la III Semana de Cuaresma - El sitio del P. Ignacio Fern\u00e1ndez Gonz\u00e1lez<\/title>\n<meta name=\"robots\" content=\"index, follow, max-snippet:-1, max-image-preview:large, max-video-preview:-1\" \/>\n<link rel=\"canonical\" href=\"http:\/\/igfergon.com.mx\/?p=6170\" \/>\n<meta property=\"og:locale\" content=\"es_ES\" \/>\n<meta property=\"og:type\" content=\"article\" \/>\n<meta property=\"og:title\" content=\"Viernes de la III Semana de Cuaresma - El sitio del P. Ignacio Fern\u00e1ndez Gonz\u00e1lez\" \/>\n<meta property=\"og:description\" content=\"Os 14,2-10 Una da las cosas que m\u00e1s impresionan en este pasaje es la ternura de Dios para el pecador. Quiz\u00e1s algo que todav\u00eda debamos cambiar en nuestro coraz\u00f3n es nuestro concepto de Dios y de su amor infinito. Muchos de nosotros nos parecer\u00edamos al Hijo prodigo de la par\u00e1bola contada por Jes\u00fas, \u00e9l cual &hellip; Continuar leyendo &quot;Viernes de la III Semana de Cuaresma&quot;\" \/>\n<meta property=\"og:url\" content=\"http:\/\/igfergon.com.mx\/?p=6170\" \/>\n<meta property=\"og:site_name\" content=\"El sitio del P. Ignacio Fern\u00e1ndez Gonz\u00e1lez\" \/>\n<meta property=\"article:publisher\" content=\"https:\/\/www.facebook.com\/\" \/>\n<meta property=\"article:published_time\" content=\"2026-03-13T08:44:13+00:00\" \/>\n<meta property=\"article:modified_time\" content=\"2026-03-13T08:44:14+00:00\" \/>\n<meta property=\"og:image\" content=\"http:\/\/igfergon.com.mx\/wp-content\/uploads\/2026\/03\/Viernes-3SC-1.jpg\" \/>\n\t<meta property=\"og:image:width\" content=\"300\" \/>\n\t<meta property=\"og:image:height\" content=\"168\" \/>\n\t<meta property=\"og:image:type\" content=\"image\/jpeg\" \/>\n<meta name=\"author\" content=\"igfergon.com.mx\" \/>\n<meta name=\"twitter:card\" content=\"summary_large_image\" \/>\n<meta name=\"twitter:label1\" content=\"Escrito por\" \/>\n\t<meta name=\"twitter:data1\" content=\"igfergon.com.mx\" \/>\n\t<meta name=\"twitter:label2\" content=\"Tiempo de lectura\" \/>\n\t<meta name=\"twitter:data2\" content=\"3 minutos\" \/>\n<script type=\"application\/ld+json\" class=\"yoast-schema-graph\">{\"@context\":\"https:\/\/schema.org\",\"@graph\":[{\"@type\":\"Article\",\"@id\":\"http:\/\/igfergon.com.mx\/?p=6170#article\",\"isPartOf\":{\"@id\":\"http:\/\/igfergon.com.mx\/?p=6170\"},\"author\":{\"name\":\"igfergon.com.mx\",\"@id\":\"http:\/\/igfergon.com.mx\/#\/schema\/person\/b42517895faefafe2a81218226d90957\"},\"headline\":\"Viernes de la III Semana de Cuaresma\",\"datePublished\":\"2026-03-13T08:44:13+00:00\",\"dateModified\":\"2026-03-13T08:44:14+00:00\",\"mainEntityOfPage\":{\"@id\":\"http:\/\/igfergon.com.mx\/?p=6170\"},\"wordCount\":580,\"publisher\":{\"@id\":\"http:\/\/igfergon.com.mx\/#organization\"},\"image\":{\"@id\":\"http:\/\/igfergon.com.mx\/?p=6170#primaryimage\"},\"thumbnailUrl\":\"http:\/\/igfergon.com.mx\/wp-content\/uploads\/2026\/03\/Viernes-3SC-1.jpg\",\"keywords\":[\"comentario al evangelio\",\"Homil\u00eda\",\"homil\u00eda diaria\",\"liturgia\",\"Viernes de la III Semana de Cuaresma\"],\"articleSection\":[\"comentario al evangelio\",\"homil\u00eda\",\"homil\u00eda diaria\",\"liturgia\"],\"inLanguage\":\"es\"},{\"@type\":\"WebPage\",\"@id\":\"http:\/\/igfergon.com.mx\/?p=6170\",\"url\":\"http:\/\/igfergon.com.mx\/?p=6170\",\"name\":\"Viernes de la III Semana de Cuaresma - El sitio del P. Ignacio Fern\u00e1ndez Gonz\u00e1lez\",\"isPartOf\":{\"@id\":\"http:\/\/igfergon.com.mx\/#website\"},\"primaryImageOfPage\":{\"@id\":\"http:\/\/igfergon.com.mx\/?p=6170#primaryimage\"},\"image\":{\"@id\":\"http:\/\/igfergon.com.mx\/?p=6170#primaryimage\"},\"thumbnailUrl\":\"http:\/\/igfergon.com.mx\/wp-content\/uploads\/2026\/03\/Viernes-3SC-1.jpg\",\"datePublished\":\"2026-03-13T08:44:13+00:00\",\"dateModified\":\"2026-03-13T08:44:14+00:00\",\"breadcrumb\":{\"@id\":\"http:\/\/igfergon.com.mx\/?p=6170#breadcrumb\"},\"inLanguage\":\"es\",\"potentialAction\":[{\"@type\":\"ReadAction\",\"target\":[\"http:\/\/igfergon.com.mx\/?p=6170\"]}]},{\"@type\":\"ImageObject\",\"inLanguage\":\"es\",\"@id\":\"http:\/\/igfergon.com.mx\/?p=6170#primaryimage\",\"url\":\"http:\/\/igfergon.com.mx\/wp-content\/uploads\/2026\/03\/Viernes-3SC-1.jpg\",\"contentUrl\":\"http:\/\/igfergon.com.mx\/wp-content\/uploads\/2026\/03\/Viernes-3SC-1.jpg\",\"width\":300,\"height\":168},{\"@type\":\"BreadcrumbList\",\"@id\":\"http:\/\/igfergon.com.mx\/?p=6170#breadcrumb\",\"itemListElement\":[{\"@type\":\"ListItem\",\"position\":1,\"name\":\"Portada\",\"item\":\"http:\/\/igfergon.com.mx\/\"},{\"@type\":\"ListItem\",\"position\":2,\"name\":\"Viernes de la III Semana de Cuaresma\"}]},{\"@type\":\"WebSite\",\"@id\":\"http:\/\/igfergon.com.mx\/#website\",\"url\":\"http:\/\/igfergon.com.mx\/\",\"name\":\"El sitio del P. Ignacio Fern\u00e1ndez Gonz\u00e1lez\",\"description\":\"Para Ayudarte\",\"publisher\":{\"@id\":\"http:\/\/igfergon.com.mx\/#organization\"},\"potentialAction\":[{\"@type\":\"SearchAction\",\"target\":{\"@type\":\"EntryPoint\",\"urlTemplate\":\"http:\/\/igfergon.com.mx\/?s={search_term_string}\"},\"query-input\":{\"@type\":\"PropertyValueSpecification\",\"valueRequired\":true,\"valueName\":\"search_term_string\"}}],\"inLanguage\":\"es\"},{\"@type\":\"Organization\",\"@id\":\"http:\/\/igfergon.com.mx\/#organization\",\"name\":\"El sitio del P. Ignacio Fern\u00e1ndez Gonz\u00e1lez\",\"url\":\"http:\/\/igfergon.com.mx\/\",\"logo\":{\"@type\":\"ImageObject\",\"inLanguage\":\"es\",\"@id\":\"http:\/\/igfergon.com.mx\/#\/schema\/logo\/image\/\",\"url\":\"http:\/\/igfergon.com.mx\/wp-content\/uploads\/2018\/09\/cropped-ORDNACION02-2.jpg\",\"contentUrl\":\"http:\/\/igfergon.com.mx\/wp-content\/uploads\/2018\/09\/cropped-ORDNACION02-2.jpg\",\"width\":250,\"height\":250,\"caption\":\"El sitio del P. Ignacio Fern\u00e1ndez Gonz\u00e1lez\"},\"image\":{\"@id\":\"http:\/\/igfergon.com.mx\/#\/schema\/logo\/image\/\"},\"sameAs\":[\"https:\/\/www.facebook.com\/\"]},{\"@type\":\"Person\",\"@id\":\"http:\/\/igfergon.com.mx\/#\/schema\/person\/b42517895faefafe2a81218226d90957\",\"name\":\"igfergon.com.mx\",\"image\":{\"@type\":\"ImageObject\",\"inLanguage\":\"es\",\"@id\":\"http:\/\/igfergon.com.mx\/#\/schema\/person\/image\/\",\"url\":\"https:\/\/secure.gravatar.com\/avatar\/9fd60c5591f2c6b18e76a917a69f35b0732f8532b3679d0132b3503b545db7a6?s=96&d=mm&r=g\",\"contentUrl\":\"https:\/\/secure.gravatar.com\/avatar\/9fd60c5591f2c6b18e76a917a69f35b0732f8532b3679d0132b3503b545db7a6?s=96&d=mm&r=g\",\"caption\":\"igfergon.com.mx\"},\"url\":\"http:\/\/igfergon.com.mx\/?author=1\"}]}<\/script>\n<!-- \/ Yoast SEO plugin. -->","yoast_head_json":{"title":"Viernes de la III Semana de Cuaresma - El sitio del P. Ignacio Fern\u00e1ndez Gonz\u00e1lez","robots":{"index":"index","follow":"follow","max-snippet":"max-snippet:-1","max-image-preview":"max-image-preview:large","max-video-preview":"max-video-preview:-1"},"canonical":"http:\/\/igfergon.com.mx\/?p=6170","og_locale":"es_ES","og_type":"article","og_title":"Viernes de la III Semana de Cuaresma - El sitio del P. Ignacio Fern\u00e1ndez Gonz\u00e1lez","og_description":"Os 14,2-10 Una da las cosas que m\u00e1s impresionan en este pasaje es la ternura de Dios para el pecador. Quiz\u00e1s algo que todav\u00eda debamos cambiar en nuestro coraz\u00f3n es nuestro concepto de Dios y de su amor infinito. Muchos de nosotros nos parecer\u00edamos al Hijo prodigo de la par\u00e1bola contada por Jes\u00fas, \u00e9l cual &hellip; Continuar leyendo \"Viernes de la III Semana de Cuaresma\"","og_url":"http:\/\/igfergon.com.mx\/?p=6170","og_site_name":"El sitio del P. Ignacio Fern\u00e1ndez Gonz\u00e1lez","article_publisher":"https:\/\/www.facebook.com\/","article_published_time":"2026-03-13T08:44:13+00:00","article_modified_time":"2026-03-13T08:44:14+00:00","og_image":[{"width":300,"height":168,"url":"http:\/\/igfergon.com.mx\/wp-content\/uploads\/2026\/03\/Viernes-3SC-1.jpg","type":"image\/jpeg"}],"author":"igfergon.com.mx","twitter_card":"summary_large_image","twitter_misc":{"Escrito por":"igfergon.com.mx","Tiempo de lectura":"3 minutos"},"schema":{"@context":"https:\/\/schema.org","@graph":[{"@type":"Article","@id":"http:\/\/igfergon.com.mx\/?p=6170#article","isPartOf":{"@id":"http:\/\/igfergon.com.mx\/?p=6170"},"author":{"name":"igfergon.com.mx","@id":"http:\/\/igfergon.com.mx\/#\/schema\/person\/b42517895faefafe2a81218226d90957"},"headline":"Viernes de la III Semana de Cuaresma","datePublished":"2026-03-13T08:44:13+00:00","dateModified":"2026-03-13T08:44:14+00:00","mainEntityOfPage":{"@id":"http:\/\/igfergon.com.mx\/?p=6170"},"wordCount":580,"publisher":{"@id":"http:\/\/igfergon.com.mx\/#organization"},"image":{"@id":"http:\/\/igfergon.com.mx\/?p=6170#primaryimage"},"thumbnailUrl":"http:\/\/igfergon.com.mx\/wp-content\/uploads\/2026\/03\/Viernes-3SC-1.jpg","keywords":["comentario al evangelio","Homil\u00eda","homil\u00eda diaria","liturgia","Viernes de la III Semana de Cuaresma"],"articleSection":["comentario al evangelio","homil\u00eda","homil\u00eda diaria","liturgia"],"inLanguage":"es"},{"@type":"WebPage","@id":"http:\/\/igfergon.com.mx\/?p=6170","url":"http:\/\/igfergon.com.mx\/?p=6170","name":"Viernes de la III Semana de Cuaresma - El sitio del P. Ignacio Fern\u00e1ndez Gonz\u00e1lez","isPartOf":{"@id":"http:\/\/igfergon.com.mx\/#website"},"primaryImageOfPage":{"@id":"http:\/\/igfergon.com.mx\/?p=6170#primaryimage"},"image":{"@id":"http:\/\/igfergon.com.mx\/?p=6170#primaryimage"},"thumbnailUrl":"http:\/\/igfergon.com.mx\/wp-content\/uploads\/2026\/03\/Viernes-3SC-1.jpg","datePublished":"2026-03-13T08:44:13+00:00","dateModified":"2026-03-13T08:44:14+00:00","breadcrumb":{"@id":"http:\/\/igfergon.com.mx\/?p=6170#breadcrumb"},"inLanguage":"es","potentialAction":[{"@type":"ReadAction","target":["http:\/\/igfergon.com.mx\/?p=6170"]}]},{"@type":"ImageObject","inLanguage":"es","@id":"http:\/\/igfergon.com.mx\/?p=6170#primaryimage","url":"http:\/\/igfergon.com.mx\/wp-content\/uploads\/2026\/03\/Viernes-3SC-1.jpg","contentUrl":"http:\/\/igfergon.com.mx\/wp-content\/uploads\/2026\/03\/Viernes-3SC-1.jpg","width":300,"height":168},{"@type":"BreadcrumbList","@id":"http:\/\/igfergon.com.mx\/?p=6170#breadcrumb","itemListElement":[{"@type":"ListItem","position":1,"name":"Portada","item":"http:\/\/igfergon.com.mx\/"},{"@type":"ListItem","position":2,"name":"Viernes de la III Semana de Cuaresma"}]},{"@type":"WebSite","@id":"http:\/\/igfergon.com.mx\/#website","url":"http:\/\/igfergon.com.mx\/","name":"El sitio del P. Ignacio Fern\u00e1ndez Gonz\u00e1lez","description":"Para Ayudarte","publisher":{"@id":"http:\/\/igfergon.com.mx\/#organization"},"potentialAction":[{"@type":"SearchAction","target":{"@type":"EntryPoint","urlTemplate":"http:\/\/igfergon.com.mx\/?s={search_term_string}"},"query-input":{"@type":"PropertyValueSpecification","valueRequired":true,"valueName":"search_term_string"}}],"inLanguage":"es"},{"@type":"Organization","@id":"http:\/\/igfergon.com.mx\/#organization","name":"El sitio del P. Ignacio Fern\u00e1ndez Gonz\u00e1lez","url":"http:\/\/igfergon.com.mx\/","logo":{"@type":"ImageObject","inLanguage":"es","@id":"http:\/\/igfergon.com.mx\/#\/schema\/logo\/image\/","url":"http:\/\/igfergon.com.mx\/wp-content\/uploads\/2018\/09\/cropped-ORDNACION02-2.jpg","contentUrl":"http:\/\/igfergon.com.mx\/wp-content\/uploads\/2018\/09\/cropped-ORDNACION02-2.jpg","width":250,"height":250,"caption":"El sitio del P. Ignacio Fern\u00e1ndez Gonz\u00e1lez"},"image":{"@id":"http:\/\/igfergon.com.mx\/#\/schema\/logo\/image\/"},"sameAs":["https:\/\/www.facebook.com\/"]},{"@type":"Person","@id":"http:\/\/igfergon.com.mx\/#\/schema\/person\/b42517895faefafe2a81218226d90957","name":"igfergon.com.mx","image":{"@type":"ImageObject","inLanguage":"es","@id":"http:\/\/igfergon.com.mx\/#\/schema\/person\/image\/","url":"https:\/\/secure.gravatar.com\/avatar\/9fd60c5591f2c6b18e76a917a69f35b0732f8532b3679d0132b3503b545db7a6?s=96&d=mm&r=g","contentUrl":"https:\/\/secure.gravatar.com\/avatar\/9fd60c5591f2c6b18e76a917a69f35b0732f8532b3679d0132b3503b545db7a6?s=96&d=mm&r=g","caption":"igfergon.com.mx"},"url":"http:\/\/igfergon.com.mx\/?author=1"}]}},"_links":{"self":[{"href":"http:\/\/igfergon.com.mx\/index.php?rest_route=\/wp\/v2\/posts\/6170","targetHints":{"allow":["GET"]}}],"collection":[{"href":"http:\/\/igfergon.com.mx\/index.php?rest_route=\/wp\/v2\/posts"}],"about":[{"href":"http:\/\/igfergon.com.mx\/index.php?rest_route=\/wp\/v2\/types\/post"}],"author":[{"embeddable":true,"href":"http:\/\/igfergon.com.mx\/index.php?rest_route=\/wp\/v2\/users\/1"}],"replies":[{"embeddable":true,"href":"http:\/\/igfergon.com.mx\/index.php?rest_route=%2Fwp%2Fv2%2Fcomments&post=6170"}],"version-history":[{"count":1,"href":"http:\/\/igfergon.com.mx\/index.php?rest_route=\/wp\/v2\/posts\/6170\/revisions"}],"predecessor-version":[{"id":6172,"href":"http:\/\/igfergon.com.mx\/index.php?rest_route=\/wp\/v2\/posts\/6170\/revisions\/6172"}],"wp:attachment":[{"href":"http:\/\/igfergon.com.mx\/index.php?rest_route=%2Fwp%2Fv2%2Fmedia&parent=6170"}],"wp:term":[{"taxonomy":"category","embeddable":true,"href":"http:\/\/igfergon.com.mx\/index.php?rest_route=%2Fwp%2Fv2%2Fcategories&post=6170"},{"taxonomy":"post_tag","embeddable":true,"href":"http:\/\/igfergon.com.mx\/index.php?rest_route=%2Fwp%2Fv2%2Ftags&post=6170"}],"curies":[{"name":"wp","href":"https:\/\/api.w.org\/{rel}","templated":true}]}}