{"id":6173,"date":"2026-03-14T10:38:35","date_gmt":"2026-03-14T08:38:35","guid":{"rendered":"http:\/\/igfergon.com.mx\/?p=6173"},"modified":"2026-03-14T10:38:36","modified_gmt":"2026-03-14T08:38:36","slug":"sabado-de-la-iii-semana-de-cuaresma-4","status":"publish","type":"post","link":"http:\/\/igfergon.com.mx\/?p=6173","title":{"rendered":"S\u00e1bado de la III Semana de Cuaresma"},"content":{"rendered":"<div class=\"wp-block-image\">\n<figure class=\"aligncenter size-full\"><img loading=\"lazy\" decoding=\"async\" width=\"259\" height=\"194\" src=\"http:\/\/igfergon.com.mx\/wp-content\/uploads\/2026\/03\/Sabado-3SC.jpg\" alt=\"\" class=\"wp-image-6174\" srcset=\"http:\/\/igfergon.com.mx\/wp-content\/uploads\/2026\/03\/Sabado-3SC.jpg 259w, http:\/\/igfergon.com.mx\/wp-content\/uploads\/2026\/03\/Sabado-3SC-200x150.jpg 200w\" sizes=\"auto, (max-width: 259px) 100vw, 259px\" \/><\/figure>\n<\/div>\n\n\n<h4 class=\"wp-block-heading\">Oseas 6,1-6; San Lucas 18,4-18<\/h4>\n\n\n\n<p>El profeta Oseas exhorta a la conversi\u00f3n no bajo amenazas, sino bas\u00e1ndose en el amor que Dios nos tiene, que le arrastra hacia el perd\u00f3n. Pero lo que descubre, y denuncia, en el pueblo de Israel es el presentarse ante el Se\u00f1or en actitud de aparente y superficial conversi\u00f3n.<\/p>\n\n\n\n<p>Sucede en ocasiones que acudimos al Se\u00f1or cuando nos agobia una preocupaci\u00f3n o nos afecta un problema intranquilizante. Encendemos velas al Se\u00f1or o a los santos. Pasado el apuro, se enfr\u00eda nuestro fervor y olvidamos nuestros buenos prop\u00f3sitos.<\/p>\n\n\n\n<p>Por eso, el Se\u00f1or, repite una vez m\u00e1s, desea una verdadera conversi\u00f3n de coraz\u00f3n por la firmeza del amor, y no una aparente religiosidad basada en sacrificios o velas encendidas en momentos de apuro.<\/p>\n\n\n\n<p>Jes\u00fas, el Se\u00f1or, confirma lo que manifestaba el profeta Oseas. Dios est\u00e1 junto al que se reconoce con sinceridad pecador y le concede su gracia y perd\u00f3n.<\/p>\n\n\n\n<p>Aquel que \u00abofrece acci\u00f3n de gracias a Dios\u00bb porque es distinto de los dem\u00e1s, est\u00e1 lejos de la aut\u00e9ntica conversi\u00f3n de coraz\u00f3n.<\/p>\n\n\n\n<p>Dios se hace cercano a los humildes, a los pobres, y se mantiene distanciado de quienes creen que no le necesitan porque \u00abya son buenos\u00bb.<\/p>\n\n\n\n<p>A veces he pensado por qu\u00e9 los evangelios hablan tanto de los fariseos, cuando eran simplemente unos personajes del tiempo de Jes\u00fas, un grupo religioso entre la constelaci\u00f3n de grupos que pululaban en Israel, saduceos, escribas, esenios, ancianos&#8230;<\/p>\n\n\n\n<p>Pero los evangelios no refieren s\u00f3lo unos personajes hostiles a Jes\u00fas, sino que ponen en guardia sobre una actitud que se da de hecho dentro de la Iglesia.<\/p>\n\n\n\n<p>Para evitar esta deformaci\u00f3n, no se cansan los evangelios de insistir en este pecado de orgullo religioso y de desprecio sistem\u00e1tico del otro, que se llama farise\u00edsmo. Para corregir esta deformaci\u00f3n s\u00f3lo vale hincarse de rodillas, sentirse profundamente pecador y pedir perd\u00f3n. Como hizo el publicano.<\/p>\n\n\n\n<p><\/p>\n","protected":false},"excerpt":{"rendered":"<p>Oseas 6,1-6; San Lucas 18,4-18 El profeta Oseas exhorta a la conversi\u00f3n no bajo amenazas, sino bas\u00e1ndose en el amor que Dios nos tiene, que le arrastra hacia el perd\u00f3n. Pero lo que descubre, y denuncia, en el pueblo de Israel es el presentarse ante el Se\u00f1or en actitud de aparente y superficial conversi\u00f3n. Sucede &hellip; <\/p>\n<p class=\"link-more\"><a href=\"http:\/\/igfergon.com.mx\/?p=6173\" class=\"more-link\">Continuar leyendo<span class=\"screen-reader-text\"> \u00abS\u00e1bado de la III Semana de Cuaresma\u00bb<\/span><\/a><\/p>\n","protected":false},"author":1,"featured_media":0,"comment_status":"closed","ping_status":"closed","sticky":false,"template":"","format":"standard","meta":{"footnotes":""},"categories":[13,14,10,1],"tags":[69,8,6,7,293],"class_list":["post-6173","post","type-post","status-publish","format-standard","hentry","category-comentario-al-evangelio","category-homilia","category-homilia-diaria","category-uncategorized","tag-comentario-al-evangelio-2","tag-homilia","tag-homilia-diaria","tag-liturgia","tag-sabado-de-la-iii-semana-de-cuaresma"],"yoast_head":"<!-- This site is optimized with the Yoast SEO plugin v26.0 - https:\/\/yoast.com\/wordpress\/plugins\/seo\/ -->\n<title>S\u00e1bado de la III Semana de Cuaresma - El sitio del P. Ignacio Fern\u00e1ndez Gonz\u00e1lez<\/title>\n<meta name=\"robots\" content=\"index, follow, max-snippet:-1, max-image-preview:large, max-video-preview:-1\" \/>\n<link rel=\"canonical\" href=\"http:\/\/igfergon.com.mx\/?p=6173\" \/>\n<meta property=\"og:locale\" content=\"es_ES\" \/>\n<meta property=\"og:type\" content=\"article\" \/>\n<meta property=\"og:title\" content=\"S\u00e1bado de la III Semana de Cuaresma - El sitio del P. Ignacio Fern\u00e1ndez Gonz\u00e1lez\" \/>\n<meta property=\"og:description\" content=\"Oseas 6,1-6; San Lucas 18,4-18 El profeta Oseas exhorta a la conversi\u00f3n no bajo amenazas, sino bas\u00e1ndose en el amor que Dios nos tiene, que le arrastra hacia el perd\u00f3n. Pero lo que descubre, y denuncia, en el pueblo de Israel es el presentarse ante el Se\u00f1or en actitud de aparente y superficial conversi\u00f3n. Sucede &hellip; Continuar leyendo &quot;S\u00e1bado de la III Semana de Cuaresma&quot;\" \/>\n<meta property=\"og:url\" content=\"http:\/\/igfergon.com.mx\/?p=6173\" \/>\n<meta property=\"og:site_name\" content=\"El sitio del P. Ignacio Fern\u00e1ndez Gonz\u00e1lez\" \/>\n<meta property=\"article:publisher\" content=\"https:\/\/www.facebook.com\/\" \/>\n<meta property=\"article:published_time\" content=\"2026-03-14T08:38:35+00:00\" \/>\n<meta property=\"article:modified_time\" content=\"2026-03-14T08:38:36+00:00\" \/>\n<meta property=\"og:image\" content=\"http:\/\/igfergon.com.mx\/wp-content\/uploads\/2026\/03\/Sabado-3SC.jpg\" \/>\n\t<meta property=\"og:image:width\" content=\"259\" \/>\n\t<meta property=\"og:image:height\" content=\"194\" \/>\n\t<meta property=\"og:image:type\" content=\"image\/jpeg\" \/>\n<meta name=\"author\" content=\"igfergon.com.mx\" \/>\n<meta name=\"twitter:card\" content=\"summary_large_image\" \/>\n<meta name=\"twitter:label1\" content=\"Escrito por\" \/>\n\t<meta name=\"twitter:data1\" content=\"igfergon.com.mx\" \/>\n\t<meta name=\"twitter:label2\" content=\"Tiempo de lectura\" \/>\n\t<meta name=\"twitter:data2\" content=\"2 minutos\" \/>\n<script type=\"application\/ld+json\" class=\"yoast-schema-graph\">{\"@context\":\"https:\/\/schema.org\",\"@graph\":[{\"@type\":\"Article\",\"@id\":\"http:\/\/igfergon.com.mx\/?p=6173#article\",\"isPartOf\":{\"@id\":\"http:\/\/igfergon.com.mx\/?p=6173\"},\"author\":{\"name\":\"igfergon.com.mx\",\"@id\":\"http:\/\/igfergon.com.mx\/#\/schema\/person\/b42517895faefafe2a81218226d90957\"},\"headline\":\"S\u00e1bado de la III Semana de Cuaresma\",\"datePublished\":\"2026-03-14T08:38:35+00:00\",\"dateModified\":\"2026-03-14T08:38:36+00:00\",\"mainEntityOfPage\":{\"@id\":\"http:\/\/igfergon.com.mx\/?p=6173\"},\"wordCount\":352,\"publisher\":{\"@id\":\"http:\/\/igfergon.com.mx\/#organization\"},\"image\":{\"@id\":\"http:\/\/igfergon.com.mx\/?p=6173#primaryimage\"},\"thumbnailUrl\":\"http:\/\/igfergon.com.mx\/wp-content\/uploads\/2026\/03\/Sabado-3SC.jpg\",\"keywords\":[\"comentario al evangelio\",\"Homil\u00eda\",\"homil\u00eda diaria\",\"liturgia\",\"S\u00e1bado de la III Semana de Cuaresma\"],\"articleSection\":[\"comentario al evangelio\",\"homil\u00eda\",\"homil\u00eda diaria\",\"liturgia\"],\"inLanguage\":\"es\"},{\"@type\":\"WebPage\",\"@id\":\"http:\/\/igfergon.com.mx\/?p=6173\",\"url\":\"http:\/\/igfergon.com.mx\/?p=6173\",\"name\":\"S\u00e1bado de la III Semana de Cuaresma - El sitio del P. Ignacio Fern\u00e1ndez Gonz\u00e1lez\",\"isPartOf\":{\"@id\":\"http:\/\/igfergon.com.mx\/#website\"},\"primaryImageOfPage\":{\"@id\":\"http:\/\/igfergon.com.mx\/?p=6173#primaryimage\"},\"image\":{\"@id\":\"http:\/\/igfergon.com.mx\/?p=6173#primaryimage\"},\"thumbnailUrl\":\"http:\/\/igfergon.com.mx\/wp-content\/uploads\/2026\/03\/Sabado-3SC.jpg\",\"datePublished\":\"2026-03-14T08:38:35+00:00\",\"dateModified\":\"2026-03-14T08:38:36+00:00\",\"breadcrumb\":{\"@id\":\"http:\/\/igfergon.com.mx\/?p=6173#breadcrumb\"},\"inLanguage\":\"es\",\"potentialAction\":[{\"@type\":\"ReadAction\",\"target\":[\"http:\/\/igfergon.com.mx\/?p=6173\"]}]},{\"@type\":\"ImageObject\",\"inLanguage\":\"es\",\"@id\":\"http:\/\/igfergon.com.mx\/?p=6173#primaryimage\",\"url\":\"http:\/\/igfergon.com.mx\/wp-content\/uploads\/2026\/03\/Sabado-3SC.jpg\",\"contentUrl\":\"http:\/\/igfergon.com.mx\/wp-content\/uploads\/2026\/03\/Sabado-3SC.jpg\",\"width\":259,\"height\":194},{\"@type\":\"BreadcrumbList\",\"@id\":\"http:\/\/igfergon.com.mx\/?p=6173#breadcrumb\",\"itemListElement\":[{\"@type\":\"ListItem\",\"position\":1,\"name\":\"Portada\",\"item\":\"http:\/\/igfergon.com.mx\/\"},{\"@type\":\"ListItem\",\"position\":2,\"name\":\"S\u00e1bado de la III Semana de Cuaresma\"}]},{\"@type\":\"WebSite\",\"@id\":\"http:\/\/igfergon.com.mx\/#website\",\"url\":\"http:\/\/igfergon.com.mx\/\",\"name\":\"El sitio del P. Ignacio Fern\u00e1ndez Gonz\u00e1lez\",\"description\":\"Para Ayudarte\",\"publisher\":{\"@id\":\"http:\/\/igfergon.com.mx\/#organization\"},\"potentialAction\":[{\"@type\":\"SearchAction\",\"target\":{\"@type\":\"EntryPoint\",\"urlTemplate\":\"http:\/\/igfergon.com.mx\/?s={search_term_string}\"},\"query-input\":{\"@type\":\"PropertyValueSpecification\",\"valueRequired\":true,\"valueName\":\"search_term_string\"}}],\"inLanguage\":\"es\"},{\"@type\":\"Organization\",\"@id\":\"http:\/\/igfergon.com.mx\/#organization\",\"name\":\"El sitio del P. Ignacio Fern\u00e1ndez Gonz\u00e1lez\",\"url\":\"http:\/\/igfergon.com.mx\/\",\"logo\":{\"@type\":\"ImageObject\",\"inLanguage\":\"es\",\"@id\":\"http:\/\/igfergon.com.mx\/#\/schema\/logo\/image\/\",\"url\":\"http:\/\/igfergon.com.mx\/wp-content\/uploads\/2018\/09\/cropped-ORDNACION02-2.jpg\",\"contentUrl\":\"http:\/\/igfergon.com.mx\/wp-content\/uploads\/2018\/09\/cropped-ORDNACION02-2.jpg\",\"width\":250,\"height\":250,\"caption\":\"El sitio del P. Ignacio Fern\u00e1ndez Gonz\u00e1lez\"},\"image\":{\"@id\":\"http:\/\/igfergon.com.mx\/#\/schema\/logo\/image\/\"},\"sameAs\":[\"https:\/\/www.facebook.com\/\"]},{\"@type\":\"Person\",\"@id\":\"http:\/\/igfergon.com.mx\/#\/schema\/person\/b42517895faefafe2a81218226d90957\",\"name\":\"igfergon.com.mx\",\"image\":{\"@type\":\"ImageObject\",\"inLanguage\":\"es\",\"@id\":\"http:\/\/igfergon.com.mx\/#\/schema\/person\/image\/\",\"url\":\"https:\/\/secure.gravatar.com\/avatar\/9fd60c5591f2c6b18e76a917a69f35b0732f8532b3679d0132b3503b545db7a6?s=96&d=mm&r=g\",\"contentUrl\":\"https:\/\/secure.gravatar.com\/avatar\/9fd60c5591f2c6b18e76a917a69f35b0732f8532b3679d0132b3503b545db7a6?s=96&d=mm&r=g\",\"caption\":\"igfergon.com.mx\"},\"url\":\"http:\/\/igfergon.com.mx\/?author=1\"}]}<\/script>\n<!-- \/ Yoast SEO plugin. -->","yoast_head_json":{"title":"S\u00e1bado de la III Semana de Cuaresma - El sitio del P. Ignacio Fern\u00e1ndez Gonz\u00e1lez","robots":{"index":"index","follow":"follow","max-snippet":"max-snippet:-1","max-image-preview":"max-image-preview:large","max-video-preview":"max-video-preview:-1"},"canonical":"http:\/\/igfergon.com.mx\/?p=6173","og_locale":"es_ES","og_type":"article","og_title":"S\u00e1bado de la III Semana de Cuaresma - El sitio del P. Ignacio Fern\u00e1ndez Gonz\u00e1lez","og_description":"Oseas 6,1-6; San Lucas 18,4-18 El profeta Oseas exhorta a la conversi\u00f3n no bajo amenazas, sino bas\u00e1ndose en el amor que Dios nos tiene, que le arrastra hacia el perd\u00f3n. Pero lo que descubre, y denuncia, en el pueblo de Israel es el presentarse ante el Se\u00f1or en actitud de aparente y superficial conversi\u00f3n. Sucede &hellip; Continuar leyendo \"S\u00e1bado de la III Semana de Cuaresma\"","og_url":"http:\/\/igfergon.com.mx\/?p=6173","og_site_name":"El sitio del P. Ignacio Fern\u00e1ndez Gonz\u00e1lez","article_publisher":"https:\/\/www.facebook.com\/","article_published_time":"2026-03-14T08:38:35+00:00","article_modified_time":"2026-03-14T08:38:36+00:00","og_image":[{"width":259,"height":194,"url":"http:\/\/igfergon.com.mx\/wp-content\/uploads\/2026\/03\/Sabado-3SC.jpg","type":"image\/jpeg"}],"author":"igfergon.com.mx","twitter_card":"summary_large_image","twitter_misc":{"Escrito por":"igfergon.com.mx","Tiempo de lectura":"2 minutos"},"schema":{"@context":"https:\/\/schema.org","@graph":[{"@type":"Article","@id":"http:\/\/igfergon.com.mx\/?p=6173#article","isPartOf":{"@id":"http:\/\/igfergon.com.mx\/?p=6173"},"author":{"name":"igfergon.com.mx","@id":"http:\/\/igfergon.com.mx\/#\/schema\/person\/b42517895faefafe2a81218226d90957"},"headline":"S\u00e1bado de la III Semana de Cuaresma","datePublished":"2026-03-14T08:38:35+00:00","dateModified":"2026-03-14T08:38:36+00:00","mainEntityOfPage":{"@id":"http:\/\/igfergon.com.mx\/?p=6173"},"wordCount":352,"publisher":{"@id":"http:\/\/igfergon.com.mx\/#organization"},"image":{"@id":"http:\/\/igfergon.com.mx\/?p=6173#primaryimage"},"thumbnailUrl":"http:\/\/igfergon.com.mx\/wp-content\/uploads\/2026\/03\/Sabado-3SC.jpg","keywords":["comentario al evangelio","Homil\u00eda","homil\u00eda diaria","liturgia","S\u00e1bado de la III Semana de Cuaresma"],"articleSection":["comentario al evangelio","homil\u00eda","homil\u00eda diaria","liturgia"],"inLanguage":"es"},{"@type":"WebPage","@id":"http:\/\/igfergon.com.mx\/?p=6173","url":"http:\/\/igfergon.com.mx\/?p=6173","name":"S\u00e1bado de la III Semana de Cuaresma - El sitio del P. Ignacio Fern\u00e1ndez Gonz\u00e1lez","isPartOf":{"@id":"http:\/\/igfergon.com.mx\/#website"},"primaryImageOfPage":{"@id":"http:\/\/igfergon.com.mx\/?p=6173#primaryimage"},"image":{"@id":"http:\/\/igfergon.com.mx\/?p=6173#primaryimage"},"thumbnailUrl":"http:\/\/igfergon.com.mx\/wp-content\/uploads\/2026\/03\/Sabado-3SC.jpg","datePublished":"2026-03-14T08:38:35+00:00","dateModified":"2026-03-14T08:38:36+00:00","breadcrumb":{"@id":"http:\/\/igfergon.com.mx\/?p=6173#breadcrumb"},"inLanguage":"es","potentialAction":[{"@type":"ReadAction","target":["http:\/\/igfergon.com.mx\/?p=6173"]}]},{"@type":"ImageObject","inLanguage":"es","@id":"http:\/\/igfergon.com.mx\/?p=6173#primaryimage","url":"http:\/\/igfergon.com.mx\/wp-content\/uploads\/2026\/03\/Sabado-3SC.jpg","contentUrl":"http:\/\/igfergon.com.mx\/wp-content\/uploads\/2026\/03\/Sabado-3SC.jpg","width":259,"height":194},{"@type":"BreadcrumbList","@id":"http:\/\/igfergon.com.mx\/?p=6173#breadcrumb","itemListElement":[{"@type":"ListItem","position":1,"name":"Portada","item":"http:\/\/igfergon.com.mx\/"},{"@type":"ListItem","position":2,"name":"S\u00e1bado de la III Semana de Cuaresma"}]},{"@type":"WebSite","@id":"http:\/\/igfergon.com.mx\/#website","url":"http:\/\/igfergon.com.mx\/","name":"El sitio del P. Ignacio Fern\u00e1ndez Gonz\u00e1lez","description":"Para Ayudarte","publisher":{"@id":"http:\/\/igfergon.com.mx\/#organization"},"potentialAction":[{"@type":"SearchAction","target":{"@type":"EntryPoint","urlTemplate":"http:\/\/igfergon.com.mx\/?s={search_term_string}"},"query-input":{"@type":"PropertyValueSpecification","valueRequired":true,"valueName":"search_term_string"}}],"inLanguage":"es"},{"@type":"Organization","@id":"http:\/\/igfergon.com.mx\/#organization","name":"El sitio del P. Ignacio Fern\u00e1ndez Gonz\u00e1lez","url":"http:\/\/igfergon.com.mx\/","logo":{"@type":"ImageObject","inLanguage":"es","@id":"http:\/\/igfergon.com.mx\/#\/schema\/logo\/image\/","url":"http:\/\/igfergon.com.mx\/wp-content\/uploads\/2018\/09\/cropped-ORDNACION02-2.jpg","contentUrl":"http:\/\/igfergon.com.mx\/wp-content\/uploads\/2018\/09\/cropped-ORDNACION02-2.jpg","width":250,"height":250,"caption":"El sitio del P. Ignacio Fern\u00e1ndez Gonz\u00e1lez"},"image":{"@id":"http:\/\/igfergon.com.mx\/#\/schema\/logo\/image\/"},"sameAs":["https:\/\/www.facebook.com\/"]},{"@type":"Person","@id":"http:\/\/igfergon.com.mx\/#\/schema\/person\/b42517895faefafe2a81218226d90957","name":"igfergon.com.mx","image":{"@type":"ImageObject","inLanguage":"es","@id":"http:\/\/igfergon.com.mx\/#\/schema\/person\/image\/","url":"https:\/\/secure.gravatar.com\/avatar\/9fd60c5591f2c6b18e76a917a69f35b0732f8532b3679d0132b3503b545db7a6?s=96&d=mm&r=g","contentUrl":"https:\/\/secure.gravatar.com\/avatar\/9fd60c5591f2c6b18e76a917a69f35b0732f8532b3679d0132b3503b545db7a6?s=96&d=mm&r=g","caption":"igfergon.com.mx"},"url":"http:\/\/igfergon.com.mx\/?author=1"}]}},"_links":{"self":[{"href":"http:\/\/igfergon.com.mx\/index.php?rest_route=\/wp\/v2\/posts\/6173","targetHints":{"allow":["GET"]}}],"collection":[{"href":"http:\/\/igfergon.com.mx\/index.php?rest_route=\/wp\/v2\/posts"}],"about":[{"href":"http:\/\/igfergon.com.mx\/index.php?rest_route=\/wp\/v2\/types\/post"}],"author":[{"embeddable":true,"href":"http:\/\/igfergon.com.mx\/index.php?rest_route=\/wp\/v2\/users\/1"}],"replies":[{"embeddable":true,"href":"http:\/\/igfergon.com.mx\/index.php?rest_route=%2Fwp%2Fv2%2Fcomments&post=6173"}],"version-history":[{"count":1,"href":"http:\/\/igfergon.com.mx\/index.php?rest_route=\/wp\/v2\/posts\/6173\/revisions"}],"predecessor-version":[{"id":6175,"href":"http:\/\/igfergon.com.mx\/index.php?rest_route=\/wp\/v2\/posts\/6173\/revisions\/6175"}],"wp:attachment":[{"href":"http:\/\/igfergon.com.mx\/index.php?rest_route=%2Fwp%2Fv2%2Fmedia&parent=6173"}],"wp:term":[{"taxonomy":"category","embeddable":true,"href":"http:\/\/igfergon.com.mx\/index.php?rest_route=%2Fwp%2Fv2%2Fcategories&post=6173"},{"taxonomy":"post_tag","embeddable":true,"href":"http:\/\/igfergon.com.mx\/index.php?rest_route=%2Fwp%2Fv2%2Ftags&post=6173"}],"curies":[{"name":"wp","href":"https:\/\/api.w.org\/{rel}","templated":true}]}}