{"id":6176,"date":"2026-03-16T11:04:06","date_gmt":"2026-03-16T09:04:06","guid":{"rendered":"http:\/\/igfergon.com.mx\/?p=6176"},"modified":"2026-03-16T11:04:08","modified_gmt":"2026-03-16T09:04:08","slug":"lunes-de-la-iv-semana-de-cuaresma-4","status":"publish","type":"post","link":"http:\/\/igfergon.com.mx\/?p=6176","title":{"rendered":"Lunes de la IV Semana de Cuaresma"},"content":{"rendered":"<div class=\"wp-block-image\">\n<figure class=\"aligncenter size-full\"><img loading=\"lazy\" decoding=\"async\" width=\"299\" height=\"168\" src=\"http:\/\/igfergon.com.mx\/wp-content\/uploads\/2026\/03\/Lunes-4SC.jpg\" alt=\"\" class=\"wp-image-6177\" srcset=\"http:\/\/igfergon.com.mx\/wp-content\/uploads\/2026\/03\/Lunes-4SC.jpg 299w, http:\/\/igfergon.com.mx\/wp-content\/uploads\/2026\/03\/Lunes-4SC-200x112.jpg 200w\" sizes=\"auto, (max-width: 299px) 100vw, 299px\" \/><\/figure>\n<\/div>\n\n\n<p><strong>Is 65, 17-21<\/strong><\/p>\n\n\n\n<p>Esta semana, despu\u00e9s de haber ya trabajado en nuestra vida de conversi\u00f3n por espacio de tres semanas, la liturgia no invita a reflexionar sobre los frutos de esta conversi\u00f3n.<\/p>\n\n\n\n<p>Inicia present\u00e1ndonos este pasaje de Isa\u00edas en el cual nos dice que el Se\u00f1or: \u00abno se recordara de nuestra vida pasada\u00bb es decir de nuestras infidelidades, de nuestra falta de amor y compromiso&#8230; de haber estado lejos de \u00c9l.<\/p>\n\n\n\n<p>Dios nos ofrece \u00abun cielo nuevo y una tierra nueva, que es decir una nueva v\u00eda vivida en su amor y en su paz. Para ello, es necesario que tambi\u00e9n nosotros nos perdonemos.<\/p>\n\n\n\n<p>Es incre\u00edble la cantidad de personas que acuden al sacramento de la reconciliaci\u00f3n en donde recibe en perd\u00f3n de Dios y con ello, Dios olvida sus faltas, pero que apenas salen de ah\u00ed y contin\u00faan llenas de remordimientos y sin paz.<\/p>\n\n\n\n<p>Esto es porque no se han perdonado a s\u00ed mismos&#8230; esto es dudar del perd\u00f3n, del amor y de la misericordia de Dios. Si bien es cierto que el pecado nos lastima y hiere tambi\u00e9n lo es que el amor de Dios todo lo sana y todo lo perdona. Reconoce en ti el amor y el perd\u00f3n de Dios y disfruta ya en esta tierra de la felicidad de Dios.<\/p>\n\n\n\n<p><strong>Jn 4, 43-54<\/strong><\/p>\n\n\n\n<p>Ya en otras ocasiones hemos dicho que no es lo mismo \u00abcreer en Jes\u00fas\u00bb que \u00abcreerle a Jes\u00fas\u00bb. Creerle a Jes\u00fas implica aceptar su palabra por il\u00f3gica e irracional que \u00e9sta pudiera parecer.<\/p>\n\n\n\n<p>El padre de este muchacho le \u00abcrey\u00f3 a Jes\u00fas\u00bb y se encontr\u00f3 con su hijo sano. Un problema que se extiende en nuestro cristianismo es la falta de congruencia entre nuestra fe y nuestra vida.<\/p>\n\n\n\n<p>Si nosotros preguntamos a nuestro alrededor nos encontraremos, sin mucha sorpresa, que la mayor\u00eda son cristianos, es decir hombres y mujeres que creen a Jes\u00fas.<\/p>\n\n\n\n<p>Sin embrago con tristeza nos damos cuenta que algunos (que a veces deber\u00edamos de decir: muchos) dan un testimonio de vida bastante lejano a lo que Jes\u00fas nos ha ense\u00f1ado. Ser buen cristiano implica creer en Jes\u00fas pero tambi\u00e9n creerle a Jes\u00fas y hacer lo que \u00c9l nos pide en el evangelio\u2026 tenerlo como verdadero maestro y se\u00f1or de nuestras vidas. \u00bfT\u00fa eres de los que simplemente cree en Jes\u00fas, o de los que han decidido hacer de su Palabra una norma de vida?<\/p>\n","protected":false},"excerpt":{"rendered":"<p>Is 65, 17-21 Esta semana, despu\u00e9s de haber ya trabajado en nuestra vida de conversi\u00f3n por espacio de tres semanas, la liturgia no invita a reflexionar sobre los frutos de esta conversi\u00f3n. Inicia present\u00e1ndonos este pasaje de Isa\u00edas en el cual nos dice que el Se\u00f1or: \u00abno se recordara de nuestra vida pasada\u00bb es decir &hellip; <\/p>\n<p class=\"link-more\"><a href=\"http:\/\/igfergon.com.mx\/?p=6176\" class=\"more-link\">Continuar leyendo<span class=\"screen-reader-text\"> \u00abLunes de la IV Semana de Cuaresma\u00bb<\/span><\/a><\/p>\n","protected":false},"author":1,"featured_media":0,"comment_status":"closed","ping_status":"closed","sticky":false,"template":"","format":"standard","meta":{"footnotes":""},"categories":[13,14,10,1],"tags":[69,8,6,7,294],"class_list":["post-6176","post","type-post","status-publish","format-standard","hentry","category-comentario-al-evangelio","category-homilia","category-homilia-diaria","category-uncategorized","tag-comentario-al-evangelio-2","tag-homilia","tag-homilia-diaria","tag-liturgia","tag-lunes-de-la-iv-semana-de-cuaresma"],"yoast_head":"<!-- This site is optimized with the Yoast SEO plugin v26.0 - https:\/\/yoast.com\/wordpress\/plugins\/seo\/ -->\n<title>Lunes de la IV Semana de Cuaresma - El sitio del P. Ignacio Fern\u00e1ndez Gonz\u00e1lez<\/title>\n<meta name=\"robots\" content=\"index, follow, max-snippet:-1, max-image-preview:large, max-video-preview:-1\" \/>\n<link rel=\"canonical\" href=\"http:\/\/igfergon.com.mx\/?p=6176\" \/>\n<meta property=\"og:locale\" content=\"es_ES\" \/>\n<meta property=\"og:type\" content=\"article\" \/>\n<meta property=\"og:title\" content=\"Lunes de la IV Semana de Cuaresma - El sitio del P. Ignacio Fern\u00e1ndez Gonz\u00e1lez\" \/>\n<meta property=\"og:description\" content=\"Is 65, 17-21 Esta semana, despu\u00e9s de haber ya trabajado en nuestra vida de conversi\u00f3n por espacio de tres semanas, la liturgia no invita a reflexionar sobre los frutos de esta conversi\u00f3n. Inicia present\u00e1ndonos este pasaje de Isa\u00edas en el cual nos dice que el Se\u00f1or: \u00abno se recordara de nuestra vida pasada\u00bb es decir &hellip; Continuar leyendo &quot;Lunes de la IV Semana de Cuaresma&quot;\" \/>\n<meta property=\"og:url\" content=\"http:\/\/igfergon.com.mx\/?p=6176\" \/>\n<meta property=\"og:site_name\" content=\"El sitio del P. Ignacio Fern\u00e1ndez Gonz\u00e1lez\" \/>\n<meta property=\"article:publisher\" content=\"https:\/\/www.facebook.com\/\" \/>\n<meta property=\"article:published_time\" content=\"2026-03-16T09:04:06+00:00\" \/>\n<meta property=\"article:modified_time\" content=\"2026-03-16T09:04:08+00:00\" \/>\n<meta property=\"og:image\" content=\"http:\/\/igfergon.com.mx\/wp-content\/uploads\/2026\/03\/Lunes-4SC.jpg\" \/>\n\t<meta property=\"og:image:width\" content=\"299\" \/>\n\t<meta property=\"og:image:height\" content=\"168\" \/>\n\t<meta property=\"og:image:type\" content=\"image\/jpeg\" \/>\n<meta name=\"author\" content=\"igfergon.com.mx\" \/>\n<meta name=\"twitter:card\" content=\"summary_large_image\" \/>\n<meta name=\"twitter:label1\" content=\"Escrito por\" \/>\n\t<meta name=\"twitter:data1\" content=\"igfergon.com.mx\" \/>\n\t<meta name=\"twitter:label2\" content=\"Tiempo de lectura\" \/>\n\t<meta name=\"twitter:data2\" content=\"3 minutos\" \/>\n<script type=\"application\/ld+json\" class=\"yoast-schema-graph\">{\"@context\":\"https:\/\/schema.org\",\"@graph\":[{\"@type\":\"Article\",\"@id\":\"http:\/\/igfergon.com.mx\/?p=6176#article\",\"isPartOf\":{\"@id\":\"http:\/\/igfergon.com.mx\/?p=6176\"},\"author\":{\"name\":\"igfergon.com.mx\",\"@id\":\"http:\/\/igfergon.com.mx\/#\/schema\/person\/b42517895faefafe2a81218226d90957\"},\"headline\":\"Lunes de la IV Semana de Cuaresma\",\"datePublished\":\"2026-03-16T09:04:06+00:00\",\"dateModified\":\"2026-03-16T09:04:08+00:00\",\"mainEntityOfPage\":{\"@id\":\"http:\/\/igfergon.com.mx\/?p=6176\"},\"wordCount\":430,\"publisher\":{\"@id\":\"http:\/\/igfergon.com.mx\/#organization\"},\"image\":{\"@id\":\"http:\/\/igfergon.com.mx\/?p=6176#primaryimage\"},\"thumbnailUrl\":\"http:\/\/igfergon.com.mx\/wp-content\/uploads\/2026\/03\/Lunes-4SC.jpg\",\"keywords\":[\"comentario al evangelio\",\"Homil\u00eda\",\"homil\u00eda diaria\",\"liturgia\",\"Lunes de la IV Semana de Cuaresma\"],\"articleSection\":[\"comentario al evangelio\",\"homil\u00eda\",\"homil\u00eda diaria\",\"liturgia\"],\"inLanguage\":\"es\"},{\"@type\":\"WebPage\",\"@id\":\"http:\/\/igfergon.com.mx\/?p=6176\",\"url\":\"http:\/\/igfergon.com.mx\/?p=6176\",\"name\":\"Lunes de la IV Semana de Cuaresma - El sitio del P. Ignacio Fern\u00e1ndez Gonz\u00e1lez\",\"isPartOf\":{\"@id\":\"http:\/\/igfergon.com.mx\/#website\"},\"primaryImageOfPage\":{\"@id\":\"http:\/\/igfergon.com.mx\/?p=6176#primaryimage\"},\"image\":{\"@id\":\"http:\/\/igfergon.com.mx\/?p=6176#primaryimage\"},\"thumbnailUrl\":\"http:\/\/igfergon.com.mx\/wp-content\/uploads\/2026\/03\/Lunes-4SC.jpg\",\"datePublished\":\"2026-03-16T09:04:06+00:00\",\"dateModified\":\"2026-03-16T09:04:08+00:00\",\"breadcrumb\":{\"@id\":\"http:\/\/igfergon.com.mx\/?p=6176#breadcrumb\"},\"inLanguage\":\"es\",\"potentialAction\":[{\"@type\":\"ReadAction\",\"target\":[\"http:\/\/igfergon.com.mx\/?p=6176\"]}]},{\"@type\":\"ImageObject\",\"inLanguage\":\"es\",\"@id\":\"http:\/\/igfergon.com.mx\/?p=6176#primaryimage\",\"url\":\"http:\/\/igfergon.com.mx\/wp-content\/uploads\/2026\/03\/Lunes-4SC.jpg\",\"contentUrl\":\"http:\/\/igfergon.com.mx\/wp-content\/uploads\/2026\/03\/Lunes-4SC.jpg\",\"width\":299,\"height\":168},{\"@type\":\"BreadcrumbList\",\"@id\":\"http:\/\/igfergon.com.mx\/?p=6176#breadcrumb\",\"itemListElement\":[{\"@type\":\"ListItem\",\"position\":1,\"name\":\"Portada\",\"item\":\"http:\/\/igfergon.com.mx\/\"},{\"@type\":\"ListItem\",\"position\":2,\"name\":\"Lunes de la IV Semana de Cuaresma\"}]},{\"@type\":\"WebSite\",\"@id\":\"http:\/\/igfergon.com.mx\/#website\",\"url\":\"http:\/\/igfergon.com.mx\/\",\"name\":\"El sitio del P. Ignacio Fern\u00e1ndez Gonz\u00e1lez\",\"description\":\"Para Ayudarte\",\"publisher\":{\"@id\":\"http:\/\/igfergon.com.mx\/#organization\"},\"potentialAction\":[{\"@type\":\"SearchAction\",\"target\":{\"@type\":\"EntryPoint\",\"urlTemplate\":\"http:\/\/igfergon.com.mx\/?s={search_term_string}\"},\"query-input\":{\"@type\":\"PropertyValueSpecification\",\"valueRequired\":true,\"valueName\":\"search_term_string\"}}],\"inLanguage\":\"es\"},{\"@type\":\"Organization\",\"@id\":\"http:\/\/igfergon.com.mx\/#organization\",\"name\":\"El sitio del P. Ignacio Fern\u00e1ndez Gonz\u00e1lez\",\"url\":\"http:\/\/igfergon.com.mx\/\",\"logo\":{\"@type\":\"ImageObject\",\"inLanguage\":\"es\",\"@id\":\"http:\/\/igfergon.com.mx\/#\/schema\/logo\/image\/\",\"url\":\"http:\/\/igfergon.com.mx\/wp-content\/uploads\/2018\/09\/cropped-ORDNACION02-2.jpg\",\"contentUrl\":\"http:\/\/igfergon.com.mx\/wp-content\/uploads\/2018\/09\/cropped-ORDNACION02-2.jpg\",\"width\":250,\"height\":250,\"caption\":\"El sitio del P. Ignacio Fern\u00e1ndez Gonz\u00e1lez\"},\"image\":{\"@id\":\"http:\/\/igfergon.com.mx\/#\/schema\/logo\/image\/\"},\"sameAs\":[\"https:\/\/www.facebook.com\/\"]},{\"@type\":\"Person\",\"@id\":\"http:\/\/igfergon.com.mx\/#\/schema\/person\/b42517895faefafe2a81218226d90957\",\"name\":\"igfergon.com.mx\",\"image\":{\"@type\":\"ImageObject\",\"inLanguage\":\"es\",\"@id\":\"http:\/\/igfergon.com.mx\/#\/schema\/person\/image\/\",\"url\":\"https:\/\/secure.gravatar.com\/avatar\/9fd60c5591f2c6b18e76a917a69f35b0732f8532b3679d0132b3503b545db7a6?s=96&d=mm&r=g\",\"contentUrl\":\"https:\/\/secure.gravatar.com\/avatar\/9fd60c5591f2c6b18e76a917a69f35b0732f8532b3679d0132b3503b545db7a6?s=96&d=mm&r=g\",\"caption\":\"igfergon.com.mx\"},\"url\":\"http:\/\/igfergon.com.mx\/?author=1\"}]}<\/script>\n<!-- \/ Yoast SEO plugin. -->","yoast_head_json":{"title":"Lunes de la IV Semana de Cuaresma - El sitio del P. Ignacio Fern\u00e1ndez Gonz\u00e1lez","robots":{"index":"index","follow":"follow","max-snippet":"max-snippet:-1","max-image-preview":"max-image-preview:large","max-video-preview":"max-video-preview:-1"},"canonical":"http:\/\/igfergon.com.mx\/?p=6176","og_locale":"es_ES","og_type":"article","og_title":"Lunes de la IV Semana de Cuaresma - El sitio del P. Ignacio Fern\u00e1ndez Gonz\u00e1lez","og_description":"Is 65, 17-21 Esta semana, despu\u00e9s de haber ya trabajado en nuestra vida de conversi\u00f3n por espacio de tres semanas, la liturgia no invita a reflexionar sobre los frutos de esta conversi\u00f3n. Inicia present\u00e1ndonos este pasaje de Isa\u00edas en el cual nos dice que el Se\u00f1or: \u00abno se recordara de nuestra vida pasada\u00bb es decir &hellip; Continuar leyendo \"Lunes de la IV Semana de Cuaresma\"","og_url":"http:\/\/igfergon.com.mx\/?p=6176","og_site_name":"El sitio del P. Ignacio Fern\u00e1ndez Gonz\u00e1lez","article_publisher":"https:\/\/www.facebook.com\/","article_published_time":"2026-03-16T09:04:06+00:00","article_modified_time":"2026-03-16T09:04:08+00:00","og_image":[{"width":299,"height":168,"url":"http:\/\/igfergon.com.mx\/wp-content\/uploads\/2026\/03\/Lunes-4SC.jpg","type":"image\/jpeg"}],"author":"igfergon.com.mx","twitter_card":"summary_large_image","twitter_misc":{"Escrito por":"igfergon.com.mx","Tiempo de lectura":"3 minutos"},"schema":{"@context":"https:\/\/schema.org","@graph":[{"@type":"Article","@id":"http:\/\/igfergon.com.mx\/?p=6176#article","isPartOf":{"@id":"http:\/\/igfergon.com.mx\/?p=6176"},"author":{"name":"igfergon.com.mx","@id":"http:\/\/igfergon.com.mx\/#\/schema\/person\/b42517895faefafe2a81218226d90957"},"headline":"Lunes de la IV Semana de Cuaresma","datePublished":"2026-03-16T09:04:06+00:00","dateModified":"2026-03-16T09:04:08+00:00","mainEntityOfPage":{"@id":"http:\/\/igfergon.com.mx\/?p=6176"},"wordCount":430,"publisher":{"@id":"http:\/\/igfergon.com.mx\/#organization"},"image":{"@id":"http:\/\/igfergon.com.mx\/?p=6176#primaryimage"},"thumbnailUrl":"http:\/\/igfergon.com.mx\/wp-content\/uploads\/2026\/03\/Lunes-4SC.jpg","keywords":["comentario al evangelio","Homil\u00eda","homil\u00eda diaria","liturgia","Lunes de la IV Semana de Cuaresma"],"articleSection":["comentario al evangelio","homil\u00eda","homil\u00eda diaria","liturgia"],"inLanguage":"es"},{"@type":"WebPage","@id":"http:\/\/igfergon.com.mx\/?p=6176","url":"http:\/\/igfergon.com.mx\/?p=6176","name":"Lunes de la IV Semana de Cuaresma - El sitio del P. Ignacio Fern\u00e1ndez Gonz\u00e1lez","isPartOf":{"@id":"http:\/\/igfergon.com.mx\/#website"},"primaryImageOfPage":{"@id":"http:\/\/igfergon.com.mx\/?p=6176#primaryimage"},"image":{"@id":"http:\/\/igfergon.com.mx\/?p=6176#primaryimage"},"thumbnailUrl":"http:\/\/igfergon.com.mx\/wp-content\/uploads\/2026\/03\/Lunes-4SC.jpg","datePublished":"2026-03-16T09:04:06+00:00","dateModified":"2026-03-16T09:04:08+00:00","breadcrumb":{"@id":"http:\/\/igfergon.com.mx\/?p=6176#breadcrumb"},"inLanguage":"es","potentialAction":[{"@type":"ReadAction","target":["http:\/\/igfergon.com.mx\/?p=6176"]}]},{"@type":"ImageObject","inLanguage":"es","@id":"http:\/\/igfergon.com.mx\/?p=6176#primaryimage","url":"http:\/\/igfergon.com.mx\/wp-content\/uploads\/2026\/03\/Lunes-4SC.jpg","contentUrl":"http:\/\/igfergon.com.mx\/wp-content\/uploads\/2026\/03\/Lunes-4SC.jpg","width":299,"height":168},{"@type":"BreadcrumbList","@id":"http:\/\/igfergon.com.mx\/?p=6176#breadcrumb","itemListElement":[{"@type":"ListItem","position":1,"name":"Portada","item":"http:\/\/igfergon.com.mx\/"},{"@type":"ListItem","position":2,"name":"Lunes de la IV Semana de Cuaresma"}]},{"@type":"WebSite","@id":"http:\/\/igfergon.com.mx\/#website","url":"http:\/\/igfergon.com.mx\/","name":"El sitio del P. Ignacio Fern\u00e1ndez Gonz\u00e1lez","description":"Para Ayudarte","publisher":{"@id":"http:\/\/igfergon.com.mx\/#organization"},"potentialAction":[{"@type":"SearchAction","target":{"@type":"EntryPoint","urlTemplate":"http:\/\/igfergon.com.mx\/?s={search_term_string}"},"query-input":{"@type":"PropertyValueSpecification","valueRequired":true,"valueName":"search_term_string"}}],"inLanguage":"es"},{"@type":"Organization","@id":"http:\/\/igfergon.com.mx\/#organization","name":"El sitio del P. Ignacio Fern\u00e1ndez Gonz\u00e1lez","url":"http:\/\/igfergon.com.mx\/","logo":{"@type":"ImageObject","inLanguage":"es","@id":"http:\/\/igfergon.com.mx\/#\/schema\/logo\/image\/","url":"http:\/\/igfergon.com.mx\/wp-content\/uploads\/2018\/09\/cropped-ORDNACION02-2.jpg","contentUrl":"http:\/\/igfergon.com.mx\/wp-content\/uploads\/2018\/09\/cropped-ORDNACION02-2.jpg","width":250,"height":250,"caption":"El sitio del P. Ignacio Fern\u00e1ndez Gonz\u00e1lez"},"image":{"@id":"http:\/\/igfergon.com.mx\/#\/schema\/logo\/image\/"},"sameAs":["https:\/\/www.facebook.com\/"]},{"@type":"Person","@id":"http:\/\/igfergon.com.mx\/#\/schema\/person\/b42517895faefafe2a81218226d90957","name":"igfergon.com.mx","image":{"@type":"ImageObject","inLanguage":"es","@id":"http:\/\/igfergon.com.mx\/#\/schema\/person\/image\/","url":"https:\/\/secure.gravatar.com\/avatar\/9fd60c5591f2c6b18e76a917a69f35b0732f8532b3679d0132b3503b545db7a6?s=96&d=mm&r=g","contentUrl":"https:\/\/secure.gravatar.com\/avatar\/9fd60c5591f2c6b18e76a917a69f35b0732f8532b3679d0132b3503b545db7a6?s=96&d=mm&r=g","caption":"igfergon.com.mx"},"url":"http:\/\/igfergon.com.mx\/?author=1"}]}},"_links":{"self":[{"href":"http:\/\/igfergon.com.mx\/index.php?rest_route=\/wp\/v2\/posts\/6176","targetHints":{"allow":["GET"]}}],"collection":[{"href":"http:\/\/igfergon.com.mx\/index.php?rest_route=\/wp\/v2\/posts"}],"about":[{"href":"http:\/\/igfergon.com.mx\/index.php?rest_route=\/wp\/v2\/types\/post"}],"author":[{"embeddable":true,"href":"http:\/\/igfergon.com.mx\/index.php?rest_route=\/wp\/v2\/users\/1"}],"replies":[{"embeddable":true,"href":"http:\/\/igfergon.com.mx\/index.php?rest_route=%2Fwp%2Fv2%2Fcomments&post=6176"}],"version-history":[{"count":1,"href":"http:\/\/igfergon.com.mx\/index.php?rest_route=\/wp\/v2\/posts\/6176\/revisions"}],"predecessor-version":[{"id":6178,"href":"http:\/\/igfergon.com.mx\/index.php?rest_route=\/wp\/v2\/posts\/6176\/revisions\/6178"}],"wp:attachment":[{"href":"http:\/\/igfergon.com.mx\/index.php?rest_route=%2Fwp%2Fv2%2Fmedia&parent=6176"}],"wp:term":[{"taxonomy":"category","embeddable":true,"href":"http:\/\/igfergon.com.mx\/index.php?rest_route=%2Fwp%2Fv2%2Fcategories&post=6176"},{"taxonomy":"post_tag","embeddable":true,"href":"http:\/\/igfergon.com.mx\/index.php?rest_route=%2Fwp%2Fv2%2Ftags&post=6176"}],"curies":[{"name":"wp","href":"https:\/\/api.w.org\/{rel}","templated":true}]}}