{"id":6183,"date":"2026-03-17T11:02:06","date_gmt":"2026-03-17T09:02:06","guid":{"rendered":"http:\/\/igfergon.com.mx\/?p=6183"},"modified":"2026-03-17T11:02:09","modified_gmt":"2026-03-17T09:02:09","slug":"martes-de-la-iv-semana-de-cuaresma-5","status":"publish","type":"post","link":"http:\/\/igfergon.com.mx\/?p=6183","title":{"rendered":"Martes de la IV Semana de Cuaresma"},"content":{"rendered":"<div class=\"wp-block-image\">\n<figure class=\"aligncenter size-full\"><img loading=\"lazy\" decoding=\"async\" width=\"200\" height=\"200\" src=\"http:\/\/igfergon.com.mx\/wp-content\/uploads\/2026\/03\/descargar-2.jpg\" alt=\"\" class=\"wp-image-6185\" srcset=\"http:\/\/igfergon.com.mx\/wp-content\/uploads\/2026\/03\/descargar-2.jpg 200w, http:\/\/igfergon.com.mx\/wp-content\/uploads\/2026\/03\/descargar-2-100x100.jpg 100w\" sizes=\"auto, (max-width: 200px) 100vw, 200px\" \/><\/figure>\n<\/div>\n\n\n<p><strong>Ez 47, 1-9; 12<\/strong><\/p>\n\n\n\n<p>Jes\u00fas ha venido, para hacerlo todo nuevo, para darnos una vida nueva.<\/p>\n\n\n\n<p>De la misma manera como el agua de la profec\u00eda de Ezequiel cambiaba el mar en agua dulce, as\u00ed el amor y la gracia de Dios transforman nuestra amargura, soledad y frustraci\u00f3n en paz y gozo.<\/p>\n\n\n\n<p>Nos fecunda para que nuestra vida est\u00e9ril d\u00e9 fruto y para que este fruto permanezca. Esta pausa que hace la Cuaresma nos recentra en nuestra vida cristiana y nos hace desear con todas nuestras fuerzas que los frutos de la redenci\u00f3n se hagan presentes en nosotros, en nuestra vida y en nuestra familia.<\/p>\n\n\n\n<p>El Agua pura del Esp\u00edritu vivifica, renueva, sana&#8230; Si quieres que este efecto vivificador de Dios se vaya realizando en tu vida, incrementa un poco tu oraci\u00f3n, ver\u00e1s entonces grandes y profundos cambios en tu vida.<\/p>\n\n\n\n<p><strong>Jn 5, 1-3; 5-16<\/strong><\/p>\n\n\n\n<p>Hoy d\u00eda nos encontramos con muchas personas que saben amar y comprender a los dem\u00e1s. Son unos profesionales en el amor. Pero qu\u00e9 hermoso si fuesen mucho m\u00e1s las personas que prestasen atenci\u00f3n a los peque\u00f1os detalles, si hubiese muchas m\u00e1s personas que bajasen a los m\u00e1s peque\u00f1os detalles de la vida ordinaria.<\/p>\n\n\n\n<p>La realidad de Israel podr\u00eda, en muchos sentidos, parecerse a nuestra realidad actual. Hay hombres y mujeres que padecen enfermedades cr\u00f3nicas y que pierden la esperanza; hombres y mujeres que no tienen el privilegio de tener un lugar donde haya salvaci\u00f3n y alivio; hombres y mujeres que quedan a la orilla buscando una oportunidad que nunca obtienen.<\/p>\n\n\n\n<p>Jes\u00fas, aparece con frecuencia acerc\u00e1ndose a estos que ya han perdido la esperanza y que pareciera que ya no quieren luchar. A estos, Jes\u00fas les devuelve no solo la salud, sino que tambi\u00e9n les devuelve la fe y la alegr\u00eda de vivir.<\/p>\n\n\n\n<p>Hay se\u00f1ales que nos pueden llamar la atenci\u00f3n y que implican observaciones que debemos de tomar muy en cuenta. Varias de esas curaciones se llevan a cabo en s\u00e1bado, como para ense\u00f1arnos que m\u00e1s all\u00e1 de la ley, est\u00e1 la persona.<\/p>\n\n\n\n<p>El s\u00e1bado se hab\u00eda instituido como un espacio de descanso y socialmente como protecci\u00f3n sobre todo para quienes m\u00e1s trabajaban: obreros, campesinos y esclavos. Se le hab\u00eda dado adem\u00e1s el sentido religioso de dedicar este espacio al Se\u00f1or. Sin embargo, perdiendo su sentido original, se lleg\u00f3 a convertir en fuente de esclavitud y al romperlo Jes\u00fas ocasiona el mayor de los esc\u00e1ndalos. No miraban al hombre curado sino que miraban al mandamiento quebrantado.<\/p>\n\n\n\n<p>No eran capaces de descubrir la salvaci\u00f3n ni la salud a quien se encontraba desahuciado, si no que les interesaba m\u00e1s la observancia de una ley.<\/p>\n\n\n\n<p>Las palabras de Jes\u00fas al paral\u00edtico implican una curaci\u00f3n a fondo, integral que invitan a mantenerse en la senda recta.<\/p>\n\n\n\n<p>Hay formas de quebrantar las leyes y de esta nos quiere liberar Jes\u00fas. Esto nos ha de llevar a descubrir la forma de su actuar y la recta forma que nosotros debemos imitar en nuestras acciones. No debemos esclavizarnos a las normas y a las leyes. Para Jes\u00fas es m\u00e1s importante la salvaci\u00f3n que ofrece y el camino que lleva a la plenitud.<\/p>\n\n\n\n<p>Que esta Cuaresma nos lleve a descubrir lo que hay en el interior del hombre, que debe ser sanado y que as\u00ed acompa\u00f1emos a Jes\u00fas en su misi\u00f3n.<\/p>\n\n\n\n<p><\/p>\n","protected":false},"excerpt":{"rendered":"<p>Ez 47, 1-9; 12 Jes\u00fas ha venido, para hacerlo todo nuevo, para darnos una vida nueva. De la misma manera como el agua de la profec\u00eda de Ezequiel cambiaba el mar en agua dulce, as\u00ed el amor y la gracia de Dios transforman nuestra amargura, soledad y frustraci\u00f3n en paz y gozo. Nos fecunda para &hellip; <\/p>\n<p class=\"link-more\"><a href=\"http:\/\/igfergon.com.mx\/?p=6183\" class=\"more-link\">Continuar leyendo<span class=\"screen-reader-text\"> \u00abMartes de la IV Semana de Cuaresma\u00bb<\/span><\/a><\/p>\n","protected":false},"author":1,"featured_media":0,"comment_status":"closed","ping_status":"closed","sticky":false,"template":"","format":"standard","meta":{"footnotes":""},"categories":[13,14,10,1],"tags":[69,8,6,7,295],"class_list":["post-6183","post","type-post","status-publish","format-standard","hentry","category-comentario-al-evangelio","category-homilia","category-homilia-diaria","category-uncategorized","tag-comentario-al-evangelio-2","tag-homilia","tag-homilia-diaria","tag-liturgia","tag-martes-de-la-iv-semana-de-cuaresma"],"yoast_head":"<!-- This site is optimized with the Yoast SEO plugin v26.0 - https:\/\/yoast.com\/wordpress\/plugins\/seo\/ -->\n<title>Martes de la IV Semana de Cuaresma - El sitio del P. Ignacio Fern\u00e1ndez Gonz\u00e1lez<\/title>\n<meta name=\"robots\" content=\"index, follow, max-snippet:-1, max-image-preview:large, max-video-preview:-1\" \/>\n<link rel=\"canonical\" href=\"http:\/\/igfergon.com.mx\/?p=6183\" \/>\n<meta property=\"og:locale\" content=\"es_ES\" \/>\n<meta property=\"og:type\" content=\"article\" \/>\n<meta property=\"og:title\" content=\"Martes de la IV Semana de Cuaresma - El sitio del P. Ignacio Fern\u00e1ndez Gonz\u00e1lez\" \/>\n<meta property=\"og:description\" content=\"Ez 47, 1-9; 12 Jes\u00fas ha venido, para hacerlo todo nuevo, para darnos una vida nueva. De la misma manera como el agua de la profec\u00eda de Ezequiel cambiaba el mar en agua dulce, as\u00ed el amor y la gracia de Dios transforman nuestra amargura, soledad y frustraci\u00f3n en paz y gozo. Nos fecunda para &hellip; Continuar leyendo &quot;Martes de la IV Semana de Cuaresma&quot;\" \/>\n<meta property=\"og:url\" content=\"http:\/\/igfergon.com.mx\/?p=6183\" \/>\n<meta property=\"og:site_name\" content=\"El sitio del P. Ignacio Fern\u00e1ndez Gonz\u00e1lez\" \/>\n<meta property=\"article:publisher\" content=\"https:\/\/www.facebook.com\/\" \/>\n<meta property=\"article:published_time\" content=\"2026-03-17T09:02:06+00:00\" \/>\n<meta property=\"article:modified_time\" content=\"2026-03-17T09:02:09+00:00\" \/>\n<meta property=\"og:image\" content=\"http:\/\/igfergon.com.mx\/wp-content\/uploads\/2026\/03\/descargar-2.jpg\" \/>\n\t<meta property=\"og:image:width\" content=\"200\" \/>\n\t<meta property=\"og:image:height\" content=\"200\" \/>\n\t<meta property=\"og:image:type\" content=\"image\/jpeg\" \/>\n<meta name=\"author\" content=\"igfergon.com.mx\" \/>\n<meta name=\"twitter:card\" content=\"summary_large_image\" \/>\n<meta name=\"twitter:label1\" content=\"Escrito por\" \/>\n\t<meta name=\"twitter:data1\" content=\"igfergon.com.mx\" \/>\n\t<meta name=\"twitter:label2\" content=\"Tiempo de lectura\" \/>\n\t<meta name=\"twitter:data2\" content=\"3 minutos\" \/>\n<script type=\"application\/ld+json\" class=\"yoast-schema-graph\">{\"@context\":\"https:\/\/schema.org\",\"@graph\":[{\"@type\":\"Article\",\"@id\":\"http:\/\/igfergon.com.mx\/?p=6183#article\",\"isPartOf\":{\"@id\":\"http:\/\/igfergon.com.mx\/?p=6183\"},\"author\":{\"name\":\"igfergon.com.mx\",\"@id\":\"http:\/\/igfergon.com.mx\/#\/schema\/person\/b42517895faefafe2a81218226d90957\"},\"headline\":\"Martes de la IV Semana de Cuaresma\",\"datePublished\":\"2026-03-17T09:02:06+00:00\",\"dateModified\":\"2026-03-17T09:02:09+00:00\",\"mainEntityOfPage\":{\"@id\":\"http:\/\/igfergon.com.mx\/?p=6183\"},\"wordCount\":602,\"publisher\":{\"@id\":\"http:\/\/igfergon.com.mx\/#organization\"},\"image\":{\"@id\":\"http:\/\/igfergon.com.mx\/?p=6183#primaryimage\"},\"thumbnailUrl\":\"http:\/\/igfergon.com.mx\/wp-content\/uploads\/2026\/03\/descargar-2.jpg\",\"keywords\":[\"comentario al evangelio\",\"Homil\u00eda\",\"homil\u00eda diaria\",\"liturgia\",\"Martes de la IV Semana de Cuaresma\"],\"articleSection\":[\"comentario al evangelio\",\"homil\u00eda\",\"homil\u00eda diaria\",\"liturgia\"],\"inLanguage\":\"es\"},{\"@type\":\"WebPage\",\"@id\":\"http:\/\/igfergon.com.mx\/?p=6183\",\"url\":\"http:\/\/igfergon.com.mx\/?p=6183\",\"name\":\"Martes de la IV Semana de Cuaresma - El sitio del P. Ignacio Fern\u00e1ndez Gonz\u00e1lez\",\"isPartOf\":{\"@id\":\"http:\/\/igfergon.com.mx\/#website\"},\"primaryImageOfPage\":{\"@id\":\"http:\/\/igfergon.com.mx\/?p=6183#primaryimage\"},\"image\":{\"@id\":\"http:\/\/igfergon.com.mx\/?p=6183#primaryimage\"},\"thumbnailUrl\":\"http:\/\/igfergon.com.mx\/wp-content\/uploads\/2026\/03\/descargar-2.jpg\",\"datePublished\":\"2026-03-17T09:02:06+00:00\",\"dateModified\":\"2026-03-17T09:02:09+00:00\",\"breadcrumb\":{\"@id\":\"http:\/\/igfergon.com.mx\/?p=6183#breadcrumb\"},\"inLanguage\":\"es\",\"potentialAction\":[{\"@type\":\"ReadAction\",\"target\":[\"http:\/\/igfergon.com.mx\/?p=6183\"]}]},{\"@type\":\"ImageObject\",\"inLanguage\":\"es\",\"@id\":\"http:\/\/igfergon.com.mx\/?p=6183#primaryimage\",\"url\":\"http:\/\/igfergon.com.mx\/wp-content\/uploads\/2026\/03\/descargar-2.jpg\",\"contentUrl\":\"http:\/\/igfergon.com.mx\/wp-content\/uploads\/2026\/03\/descargar-2.jpg\",\"width\":200,\"height\":200},{\"@type\":\"BreadcrumbList\",\"@id\":\"http:\/\/igfergon.com.mx\/?p=6183#breadcrumb\",\"itemListElement\":[{\"@type\":\"ListItem\",\"position\":1,\"name\":\"Portada\",\"item\":\"http:\/\/igfergon.com.mx\/\"},{\"@type\":\"ListItem\",\"position\":2,\"name\":\"Martes de la IV Semana de Cuaresma\"}]},{\"@type\":\"WebSite\",\"@id\":\"http:\/\/igfergon.com.mx\/#website\",\"url\":\"http:\/\/igfergon.com.mx\/\",\"name\":\"El sitio del P. Ignacio Fern\u00e1ndez Gonz\u00e1lez\",\"description\":\"Para Ayudarte\",\"publisher\":{\"@id\":\"http:\/\/igfergon.com.mx\/#organization\"},\"potentialAction\":[{\"@type\":\"SearchAction\",\"target\":{\"@type\":\"EntryPoint\",\"urlTemplate\":\"http:\/\/igfergon.com.mx\/?s={search_term_string}\"},\"query-input\":{\"@type\":\"PropertyValueSpecification\",\"valueRequired\":true,\"valueName\":\"search_term_string\"}}],\"inLanguage\":\"es\"},{\"@type\":\"Organization\",\"@id\":\"http:\/\/igfergon.com.mx\/#organization\",\"name\":\"El sitio del P. Ignacio Fern\u00e1ndez Gonz\u00e1lez\",\"url\":\"http:\/\/igfergon.com.mx\/\",\"logo\":{\"@type\":\"ImageObject\",\"inLanguage\":\"es\",\"@id\":\"http:\/\/igfergon.com.mx\/#\/schema\/logo\/image\/\",\"url\":\"http:\/\/igfergon.com.mx\/wp-content\/uploads\/2018\/09\/cropped-ORDNACION02-2.jpg\",\"contentUrl\":\"http:\/\/igfergon.com.mx\/wp-content\/uploads\/2018\/09\/cropped-ORDNACION02-2.jpg\",\"width\":250,\"height\":250,\"caption\":\"El sitio del P. Ignacio Fern\u00e1ndez Gonz\u00e1lez\"},\"image\":{\"@id\":\"http:\/\/igfergon.com.mx\/#\/schema\/logo\/image\/\"},\"sameAs\":[\"https:\/\/www.facebook.com\/\"]},{\"@type\":\"Person\",\"@id\":\"http:\/\/igfergon.com.mx\/#\/schema\/person\/b42517895faefafe2a81218226d90957\",\"name\":\"igfergon.com.mx\",\"image\":{\"@type\":\"ImageObject\",\"inLanguage\":\"es\",\"@id\":\"http:\/\/igfergon.com.mx\/#\/schema\/person\/image\/\",\"url\":\"https:\/\/secure.gravatar.com\/avatar\/9fd60c5591f2c6b18e76a917a69f35b0732f8532b3679d0132b3503b545db7a6?s=96&d=mm&r=g\",\"contentUrl\":\"https:\/\/secure.gravatar.com\/avatar\/9fd60c5591f2c6b18e76a917a69f35b0732f8532b3679d0132b3503b545db7a6?s=96&d=mm&r=g\",\"caption\":\"igfergon.com.mx\"},\"url\":\"http:\/\/igfergon.com.mx\/?author=1\"}]}<\/script>\n<!-- \/ Yoast SEO plugin. -->","yoast_head_json":{"title":"Martes de la IV Semana de Cuaresma - El sitio del P. Ignacio Fern\u00e1ndez Gonz\u00e1lez","robots":{"index":"index","follow":"follow","max-snippet":"max-snippet:-1","max-image-preview":"max-image-preview:large","max-video-preview":"max-video-preview:-1"},"canonical":"http:\/\/igfergon.com.mx\/?p=6183","og_locale":"es_ES","og_type":"article","og_title":"Martes de la IV Semana de Cuaresma - El sitio del P. Ignacio Fern\u00e1ndez Gonz\u00e1lez","og_description":"Ez 47, 1-9; 12 Jes\u00fas ha venido, para hacerlo todo nuevo, para darnos una vida nueva. De la misma manera como el agua de la profec\u00eda de Ezequiel cambiaba el mar en agua dulce, as\u00ed el amor y la gracia de Dios transforman nuestra amargura, soledad y frustraci\u00f3n en paz y gozo. Nos fecunda para &hellip; Continuar leyendo \"Martes de la IV Semana de Cuaresma\"","og_url":"http:\/\/igfergon.com.mx\/?p=6183","og_site_name":"El sitio del P. Ignacio Fern\u00e1ndez Gonz\u00e1lez","article_publisher":"https:\/\/www.facebook.com\/","article_published_time":"2026-03-17T09:02:06+00:00","article_modified_time":"2026-03-17T09:02:09+00:00","og_image":[{"width":200,"height":200,"url":"http:\/\/igfergon.com.mx\/wp-content\/uploads\/2026\/03\/descargar-2.jpg","type":"image\/jpeg"}],"author":"igfergon.com.mx","twitter_card":"summary_large_image","twitter_misc":{"Escrito por":"igfergon.com.mx","Tiempo de lectura":"3 minutos"},"schema":{"@context":"https:\/\/schema.org","@graph":[{"@type":"Article","@id":"http:\/\/igfergon.com.mx\/?p=6183#article","isPartOf":{"@id":"http:\/\/igfergon.com.mx\/?p=6183"},"author":{"name":"igfergon.com.mx","@id":"http:\/\/igfergon.com.mx\/#\/schema\/person\/b42517895faefafe2a81218226d90957"},"headline":"Martes de la IV Semana de Cuaresma","datePublished":"2026-03-17T09:02:06+00:00","dateModified":"2026-03-17T09:02:09+00:00","mainEntityOfPage":{"@id":"http:\/\/igfergon.com.mx\/?p=6183"},"wordCount":602,"publisher":{"@id":"http:\/\/igfergon.com.mx\/#organization"},"image":{"@id":"http:\/\/igfergon.com.mx\/?p=6183#primaryimage"},"thumbnailUrl":"http:\/\/igfergon.com.mx\/wp-content\/uploads\/2026\/03\/descargar-2.jpg","keywords":["comentario al evangelio","Homil\u00eda","homil\u00eda diaria","liturgia","Martes de la IV Semana de Cuaresma"],"articleSection":["comentario al evangelio","homil\u00eda","homil\u00eda diaria","liturgia"],"inLanguage":"es"},{"@type":"WebPage","@id":"http:\/\/igfergon.com.mx\/?p=6183","url":"http:\/\/igfergon.com.mx\/?p=6183","name":"Martes de la IV Semana de Cuaresma - El sitio del P. Ignacio Fern\u00e1ndez Gonz\u00e1lez","isPartOf":{"@id":"http:\/\/igfergon.com.mx\/#website"},"primaryImageOfPage":{"@id":"http:\/\/igfergon.com.mx\/?p=6183#primaryimage"},"image":{"@id":"http:\/\/igfergon.com.mx\/?p=6183#primaryimage"},"thumbnailUrl":"http:\/\/igfergon.com.mx\/wp-content\/uploads\/2026\/03\/descargar-2.jpg","datePublished":"2026-03-17T09:02:06+00:00","dateModified":"2026-03-17T09:02:09+00:00","breadcrumb":{"@id":"http:\/\/igfergon.com.mx\/?p=6183#breadcrumb"},"inLanguage":"es","potentialAction":[{"@type":"ReadAction","target":["http:\/\/igfergon.com.mx\/?p=6183"]}]},{"@type":"ImageObject","inLanguage":"es","@id":"http:\/\/igfergon.com.mx\/?p=6183#primaryimage","url":"http:\/\/igfergon.com.mx\/wp-content\/uploads\/2026\/03\/descargar-2.jpg","contentUrl":"http:\/\/igfergon.com.mx\/wp-content\/uploads\/2026\/03\/descargar-2.jpg","width":200,"height":200},{"@type":"BreadcrumbList","@id":"http:\/\/igfergon.com.mx\/?p=6183#breadcrumb","itemListElement":[{"@type":"ListItem","position":1,"name":"Portada","item":"http:\/\/igfergon.com.mx\/"},{"@type":"ListItem","position":2,"name":"Martes de la IV Semana de Cuaresma"}]},{"@type":"WebSite","@id":"http:\/\/igfergon.com.mx\/#website","url":"http:\/\/igfergon.com.mx\/","name":"El sitio del P. Ignacio Fern\u00e1ndez Gonz\u00e1lez","description":"Para Ayudarte","publisher":{"@id":"http:\/\/igfergon.com.mx\/#organization"},"potentialAction":[{"@type":"SearchAction","target":{"@type":"EntryPoint","urlTemplate":"http:\/\/igfergon.com.mx\/?s={search_term_string}"},"query-input":{"@type":"PropertyValueSpecification","valueRequired":true,"valueName":"search_term_string"}}],"inLanguage":"es"},{"@type":"Organization","@id":"http:\/\/igfergon.com.mx\/#organization","name":"El sitio del P. Ignacio Fern\u00e1ndez Gonz\u00e1lez","url":"http:\/\/igfergon.com.mx\/","logo":{"@type":"ImageObject","inLanguage":"es","@id":"http:\/\/igfergon.com.mx\/#\/schema\/logo\/image\/","url":"http:\/\/igfergon.com.mx\/wp-content\/uploads\/2018\/09\/cropped-ORDNACION02-2.jpg","contentUrl":"http:\/\/igfergon.com.mx\/wp-content\/uploads\/2018\/09\/cropped-ORDNACION02-2.jpg","width":250,"height":250,"caption":"El sitio del P. Ignacio Fern\u00e1ndez Gonz\u00e1lez"},"image":{"@id":"http:\/\/igfergon.com.mx\/#\/schema\/logo\/image\/"},"sameAs":["https:\/\/www.facebook.com\/"]},{"@type":"Person","@id":"http:\/\/igfergon.com.mx\/#\/schema\/person\/b42517895faefafe2a81218226d90957","name":"igfergon.com.mx","image":{"@type":"ImageObject","inLanguage":"es","@id":"http:\/\/igfergon.com.mx\/#\/schema\/person\/image\/","url":"https:\/\/secure.gravatar.com\/avatar\/9fd60c5591f2c6b18e76a917a69f35b0732f8532b3679d0132b3503b545db7a6?s=96&d=mm&r=g","contentUrl":"https:\/\/secure.gravatar.com\/avatar\/9fd60c5591f2c6b18e76a917a69f35b0732f8532b3679d0132b3503b545db7a6?s=96&d=mm&r=g","caption":"igfergon.com.mx"},"url":"http:\/\/igfergon.com.mx\/?author=1"}]}},"_links":{"self":[{"href":"http:\/\/igfergon.com.mx\/index.php?rest_route=\/wp\/v2\/posts\/6183","targetHints":{"allow":["GET"]}}],"collection":[{"href":"http:\/\/igfergon.com.mx\/index.php?rest_route=\/wp\/v2\/posts"}],"about":[{"href":"http:\/\/igfergon.com.mx\/index.php?rest_route=\/wp\/v2\/types\/post"}],"author":[{"embeddable":true,"href":"http:\/\/igfergon.com.mx\/index.php?rest_route=\/wp\/v2\/users\/1"}],"replies":[{"embeddable":true,"href":"http:\/\/igfergon.com.mx\/index.php?rest_route=%2Fwp%2Fv2%2Fcomments&post=6183"}],"version-history":[{"count":1,"href":"http:\/\/igfergon.com.mx\/index.php?rest_route=\/wp\/v2\/posts\/6183\/revisions"}],"predecessor-version":[{"id":6186,"href":"http:\/\/igfergon.com.mx\/index.php?rest_route=\/wp\/v2\/posts\/6183\/revisions\/6186"}],"wp:attachment":[{"href":"http:\/\/igfergon.com.mx\/index.php?rest_route=%2Fwp%2Fv2%2Fmedia&parent=6183"}],"wp:term":[{"taxonomy":"category","embeddable":true,"href":"http:\/\/igfergon.com.mx\/index.php?rest_route=%2Fwp%2Fv2%2Fcategories&post=6183"},{"taxonomy":"post_tag","embeddable":true,"href":"http:\/\/igfergon.com.mx\/index.php?rest_route=%2Fwp%2Fv2%2Ftags&post=6183"}],"curies":[{"name":"wp","href":"https:\/\/api.w.org\/{rel}","templated":true}]}}