{"id":6188,"date":"2026-03-18T10:37:28","date_gmt":"2026-03-18T08:37:28","guid":{"rendered":"http:\/\/igfergon.com.mx\/?p=6188"},"modified":"2026-03-18T10:37:31","modified_gmt":"2026-03-18T08:37:31","slug":"miercoles-de-la-iv-semana-de-cuaresma-4","status":"publish","type":"post","link":"http:\/\/igfergon.com.mx\/?p=6188","title":{"rendered":"Mi\u00e9rcoles de la IV Semana de Cuaresma"},"content":{"rendered":"<div class=\"wp-block-image\">\n<figure class=\"aligncenter size-full\"><img loading=\"lazy\" decoding=\"async\" width=\"237\" height=\"213\" src=\"http:\/\/igfergon.com.mx\/wp-content\/uploads\/2026\/03\/Miercoles-4SC.jpg\" alt=\"\" class=\"wp-image-6189\" srcset=\"http:\/\/igfergon.com.mx\/wp-content\/uploads\/2026\/03\/Miercoles-4SC.jpg 237w, http:\/\/igfergon.com.mx\/wp-content\/uploads\/2026\/03\/Miercoles-4SC-200x180.jpg 200w\" sizes=\"auto, (max-width: 237px) 100vw, 237px\" \/><\/figure>\n<\/div>\n\n\n<p><strong>Is 49, 8-15<\/strong><\/p>\n\n\n\n<p>Dentro de la riqueza de este pasaje de Isa\u00edas destinado al pueblo de Israel mientras estaba en el Exilio, centremos nuestra atenci\u00f3n en la misi\u00f3n redentora del Profeta: \u00abYo te form\u00e9 y te he destinado para que seas alianza del pueblo: para restaurar la tierra&#8230; para decir a los prisioneros: &#8216;Salgan&#8217;, y a los que est\u00e1n en tinieblas: &#8216;Vengan a la luz'\u00bb.<\/p>\n\n\n\n<p>Esta tambi\u00e9n es nuestra misi\u00f3n como bautizados, ser un instrumento de Dios para todos aquellos que viven a\u00fan prisioneros de sus vicios y defectos; ser luz para aquellos que viven en las tinieblas del pecado; ser alianza para que los que no conocen a Jes\u00fas, no s\u00f3lo lo conozcan sino lo lleguen a amar profundamente y de esta manera tengan vida y la tengan en abundancia.<\/p>\n\n\n\n<p>T\u00fa y yo, en el medio en el que nos desenvolvemos diariamente debemos, primero que nada con nuestro testimonio de vida y luego si es posible con nuestra palabra prof\u00e9tica, ser portadores del evangelio y del amor de Dios para los dem\u00e1s&#8230; \u00c9l cuenta con nosotros.<\/p>\n\n\n\n<p><strong>Jn 5, 17-30<\/strong><\/p>\n\n\n\n<p>Hay personas que acaban por desconcertarnos. En una ocasi\u00f3n hablaba con un joven y le preguntaba cu\u00e1les eran sus ideales y que se propon\u00eda en la vida, esperaba yo una respuesta entusiasta y miles de planes e ilusiones y prop\u00f3sitos, tareas monumentales. Sin embargo, grande fue mi sorpresa y hasta desilusi\u00f3n al escuchar sus respuestas evasivas, sin compromiso, con muchas condiciones y con evidente indiferencia. No le entusiasmaba nada, no est\u00e1 dispuesto a luchar en serio por nada, se conforma con irla pasando, dec\u00eda \u00abpara que preocuparse tanto, ya ir\u00e1 saliendo algo m\u00e1s adelante\u00bb<\/p>\n\n\n\n<p>Ante tanta indiferencia y tibieza de aquel joven, me qued\u00e9 preocupado. S\u00e9 que hay muchos j\u00f3venes que tendr\u00e1n grandes ideales y que luchar\u00e1n por conseguirlos, pero me preocupa mucho que haya j\u00f3venes sin entusiasmo y sin ganas de luchar y cambiar la historia.<\/p>\n\n\n\n<p>Al escuchar el evangelio de hoy, me parece contemplar a un Jes\u00fas joven, idealista, entusiasta y lleno de energ\u00eda, que a pesar de todos los obst\u00e1culos que va encontrando sigue muy firme en su misi\u00f3n y por eso afirma \u00abque mi padre siempre trabaja, y yo tambi\u00e9n trabajo\u00bb<\/p>\n\n\n\n<p>Su misi\u00f3n es hacer realidad hoy y aqu\u00ed la palabra de su Padre. Bella misi\u00f3n si pensamos que esto dar\u00e1 vida a todos los hombres y los alentar\u00e1 a levantarse de su abatimiento y liberarse de todas las cadenas: Crear, salvar, redimir, liberar, dar vida en la misma forma que lo hace Dios Padre, esta es la misi\u00f3n de Jes\u00fas.<\/p>\n\n\n\n<p>La misi\u00f3n de cada uno de nosotros ser\u00e1 la misma de Jes\u00fas y la misma de Dios Padre.<\/p>\n\n\n\n<p>Que hoy cada uno de nosotros, sus disc\u00edpulos, no llenemos de ilusi\u00f3n y de entusiasmo porque tenemos una tarea importante. Claro que creer en otro mundo como lo quiere Jes\u00fas implica el riesgo de la cruz, pero tendremos la certeza de que \u00c9l camina con nosotros.<\/p>\n\n\n\n<p>\u00bfPodremos entusiasmarnos con sus ideales?<\/p>\n\n\n\n<p><\/p>\n","protected":false},"excerpt":{"rendered":"<p>Is 49, 8-15 Dentro de la riqueza de este pasaje de Isa\u00edas destinado al pueblo de Israel mientras estaba en el Exilio, centremos nuestra atenci\u00f3n en la misi\u00f3n redentora del Profeta: \u00abYo te form\u00e9 y te he destinado para que seas alianza del pueblo: para restaurar la tierra&#8230; para decir a los prisioneros: &#8216;Salgan&#8217;, y &hellip; <\/p>\n<p class=\"link-more\"><a href=\"http:\/\/igfergon.com.mx\/?p=6188\" class=\"more-link\">Continuar leyendo<span class=\"screen-reader-text\"> \u00abMi\u00e9rcoles de la IV Semana de Cuaresma\u00bb<\/span><\/a><\/p>\n","protected":false},"author":1,"featured_media":0,"comment_status":"closed","ping_status":"closed","sticky":false,"template":"","format":"standard","meta":{"footnotes":""},"categories":[13,14,10,1],"tags":[69,8,6,7,296],"class_list":["post-6188","post","type-post","status-publish","format-standard","hentry","category-comentario-al-evangelio","category-homilia","category-homilia-diaria","category-uncategorized","tag-comentario-al-evangelio-2","tag-homilia","tag-homilia-diaria","tag-liturgia","tag-miercoles-de-la-iv-semana-de-cuaresma"],"yoast_head":"<!-- This site is optimized with the Yoast SEO plugin v26.0 - https:\/\/yoast.com\/wordpress\/plugins\/seo\/ -->\n<title>Mi\u00e9rcoles de la IV Semana de Cuaresma - El sitio del P. Ignacio Fern\u00e1ndez Gonz\u00e1lez<\/title>\n<meta name=\"robots\" content=\"index, follow, max-snippet:-1, max-image-preview:large, max-video-preview:-1\" \/>\n<link rel=\"canonical\" href=\"http:\/\/igfergon.com.mx\/?p=6188\" \/>\n<meta property=\"og:locale\" content=\"es_ES\" \/>\n<meta property=\"og:type\" content=\"article\" \/>\n<meta property=\"og:title\" content=\"Mi\u00e9rcoles de la IV Semana de Cuaresma - El sitio del P. Ignacio Fern\u00e1ndez Gonz\u00e1lez\" \/>\n<meta property=\"og:description\" content=\"Is 49, 8-15 Dentro de la riqueza de este pasaje de Isa\u00edas destinado al pueblo de Israel mientras estaba en el Exilio, centremos nuestra atenci\u00f3n en la misi\u00f3n redentora del Profeta: \u00abYo te form\u00e9 y te he destinado para que seas alianza del pueblo: para restaurar la tierra&#8230; para decir a los prisioneros: &#8216;Salgan&#8217;, y &hellip; Continuar leyendo &quot;Mi\u00e9rcoles de la IV Semana de Cuaresma&quot;\" \/>\n<meta property=\"og:url\" content=\"http:\/\/igfergon.com.mx\/?p=6188\" \/>\n<meta property=\"og:site_name\" content=\"El sitio del P. Ignacio Fern\u00e1ndez Gonz\u00e1lez\" \/>\n<meta property=\"article:publisher\" content=\"https:\/\/www.facebook.com\/\" \/>\n<meta property=\"article:published_time\" content=\"2026-03-18T08:37:28+00:00\" \/>\n<meta property=\"article:modified_time\" content=\"2026-03-18T08:37:31+00:00\" \/>\n<meta property=\"og:image\" content=\"http:\/\/igfergon.com.mx\/wp-content\/uploads\/2026\/03\/Miercoles-4SC.jpg\" \/>\n\t<meta property=\"og:image:width\" content=\"237\" \/>\n\t<meta property=\"og:image:height\" content=\"213\" \/>\n\t<meta property=\"og:image:type\" content=\"image\/jpeg\" \/>\n<meta name=\"author\" content=\"igfergon.com.mx\" \/>\n<meta name=\"twitter:card\" content=\"summary_large_image\" \/>\n<meta name=\"twitter:label1\" content=\"Escrito por\" \/>\n\t<meta name=\"twitter:data1\" content=\"igfergon.com.mx\" \/>\n\t<meta name=\"twitter:label2\" content=\"Tiempo de lectura\" \/>\n\t<meta name=\"twitter:data2\" content=\"3 minutos\" \/>\n<script type=\"application\/ld+json\" class=\"yoast-schema-graph\">{\"@context\":\"https:\/\/schema.org\",\"@graph\":[{\"@type\":\"Article\",\"@id\":\"http:\/\/igfergon.com.mx\/?p=6188#article\",\"isPartOf\":{\"@id\":\"http:\/\/igfergon.com.mx\/?p=6188\"},\"author\":{\"name\":\"igfergon.com.mx\",\"@id\":\"http:\/\/igfergon.com.mx\/#\/schema\/person\/b42517895faefafe2a81218226d90957\"},\"headline\":\"Mi\u00e9rcoles de la IV Semana de Cuaresma\",\"datePublished\":\"2026-03-18T08:37:28+00:00\",\"dateModified\":\"2026-03-18T08:37:31+00:00\",\"mainEntityOfPage\":{\"@id\":\"http:\/\/igfergon.com.mx\/?p=6188\"},\"wordCount\":536,\"publisher\":{\"@id\":\"http:\/\/igfergon.com.mx\/#organization\"},\"image\":{\"@id\":\"http:\/\/igfergon.com.mx\/?p=6188#primaryimage\"},\"thumbnailUrl\":\"http:\/\/igfergon.com.mx\/wp-content\/uploads\/2026\/03\/Miercoles-4SC.jpg\",\"keywords\":[\"comentario al evangelio\",\"Homil\u00eda\",\"homil\u00eda diaria\",\"liturgia\",\"Mi\u00e9rcoles de la IV Semana de Cuaresma\"],\"articleSection\":[\"comentario al evangelio\",\"homil\u00eda\",\"homil\u00eda diaria\",\"liturgia\"],\"inLanguage\":\"es\"},{\"@type\":\"WebPage\",\"@id\":\"http:\/\/igfergon.com.mx\/?p=6188\",\"url\":\"http:\/\/igfergon.com.mx\/?p=6188\",\"name\":\"Mi\u00e9rcoles de la IV Semana de Cuaresma - El sitio del P. Ignacio Fern\u00e1ndez Gonz\u00e1lez\",\"isPartOf\":{\"@id\":\"http:\/\/igfergon.com.mx\/#website\"},\"primaryImageOfPage\":{\"@id\":\"http:\/\/igfergon.com.mx\/?p=6188#primaryimage\"},\"image\":{\"@id\":\"http:\/\/igfergon.com.mx\/?p=6188#primaryimage\"},\"thumbnailUrl\":\"http:\/\/igfergon.com.mx\/wp-content\/uploads\/2026\/03\/Miercoles-4SC.jpg\",\"datePublished\":\"2026-03-18T08:37:28+00:00\",\"dateModified\":\"2026-03-18T08:37:31+00:00\",\"breadcrumb\":{\"@id\":\"http:\/\/igfergon.com.mx\/?p=6188#breadcrumb\"},\"inLanguage\":\"es\",\"potentialAction\":[{\"@type\":\"ReadAction\",\"target\":[\"http:\/\/igfergon.com.mx\/?p=6188\"]}]},{\"@type\":\"ImageObject\",\"inLanguage\":\"es\",\"@id\":\"http:\/\/igfergon.com.mx\/?p=6188#primaryimage\",\"url\":\"http:\/\/igfergon.com.mx\/wp-content\/uploads\/2026\/03\/Miercoles-4SC.jpg\",\"contentUrl\":\"http:\/\/igfergon.com.mx\/wp-content\/uploads\/2026\/03\/Miercoles-4SC.jpg\",\"width\":237,\"height\":213},{\"@type\":\"BreadcrumbList\",\"@id\":\"http:\/\/igfergon.com.mx\/?p=6188#breadcrumb\",\"itemListElement\":[{\"@type\":\"ListItem\",\"position\":1,\"name\":\"Portada\",\"item\":\"http:\/\/igfergon.com.mx\/\"},{\"@type\":\"ListItem\",\"position\":2,\"name\":\"Mi\u00e9rcoles de la IV Semana de Cuaresma\"}]},{\"@type\":\"WebSite\",\"@id\":\"http:\/\/igfergon.com.mx\/#website\",\"url\":\"http:\/\/igfergon.com.mx\/\",\"name\":\"El sitio del P. Ignacio Fern\u00e1ndez Gonz\u00e1lez\",\"description\":\"Para Ayudarte\",\"publisher\":{\"@id\":\"http:\/\/igfergon.com.mx\/#organization\"},\"potentialAction\":[{\"@type\":\"SearchAction\",\"target\":{\"@type\":\"EntryPoint\",\"urlTemplate\":\"http:\/\/igfergon.com.mx\/?s={search_term_string}\"},\"query-input\":{\"@type\":\"PropertyValueSpecification\",\"valueRequired\":true,\"valueName\":\"search_term_string\"}}],\"inLanguage\":\"es\"},{\"@type\":\"Organization\",\"@id\":\"http:\/\/igfergon.com.mx\/#organization\",\"name\":\"El sitio del P. Ignacio Fern\u00e1ndez Gonz\u00e1lez\",\"url\":\"http:\/\/igfergon.com.mx\/\",\"logo\":{\"@type\":\"ImageObject\",\"inLanguage\":\"es\",\"@id\":\"http:\/\/igfergon.com.mx\/#\/schema\/logo\/image\/\",\"url\":\"http:\/\/igfergon.com.mx\/wp-content\/uploads\/2018\/09\/cropped-ORDNACION02-2.jpg\",\"contentUrl\":\"http:\/\/igfergon.com.mx\/wp-content\/uploads\/2018\/09\/cropped-ORDNACION02-2.jpg\",\"width\":250,\"height\":250,\"caption\":\"El sitio del P. Ignacio Fern\u00e1ndez Gonz\u00e1lez\"},\"image\":{\"@id\":\"http:\/\/igfergon.com.mx\/#\/schema\/logo\/image\/\"},\"sameAs\":[\"https:\/\/www.facebook.com\/\"]},{\"@type\":\"Person\",\"@id\":\"http:\/\/igfergon.com.mx\/#\/schema\/person\/b42517895faefafe2a81218226d90957\",\"name\":\"igfergon.com.mx\",\"image\":{\"@type\":\"ImageObject\",\"inLanguage\":\"es\",\"@id\":\"http:\/\/igfergon.com.mx\/#\/schema\/person\/image\/\",\"url\":\"https:\/\/secure.gravatar.com\/avatar\/9fd60c5591f2c6b18e76a917a69f35b0732f8532b3679d0132b3503b545db7a6?s=96&d=mm&r=g\",\"contentUrl\":\"https:\/\/secure.gravatar.com\/avatar\/9fd60c5591f2c6b18e76a917a69f35b0732f8532b3679d0132b3503b545db7a6?s=96&d=mm&r=g\",\"caption\":\"igfergon.com.mx\"},\"url\":\"http:\/\/igfergon.com.mx\/?author=1\"}]}<\/script>\n<!-- \/ Yoast SEO plugin. -->","yoast_head_json":{"title":"Mi\u00e9rcoles de la IV Semana de Cuaresma - El sitio del P. Ignacio Fern\u00e1ndez Gonz\u00e1lez","robots":{"index":"index","follow":"follow","max-snippet":"max-snippet:-1","max-image-preview":"max-image-preview:large","max-video-preview":"max-video-preview:-1"},"canonical":"http:\/\/igfergon.com.mx\/?p=6188","og_locale":"es_ES","og_type":"article","og_title":"Mi\u00e9rcoles de la IV Semana de Cuaresma - El sitio del P. Ignacio Fern\u00e1ndez Gonz\u00e1lez","og_description":"Is 49, 8-15 Dentro de la riqueza de este pasaje de Isa\u00edas destinado al pueblo de Israel mientras estaba en el Exilio, centremos nuestra atenci\u00f3n en la misi\u00f3n redentora del Profeta: \u00abYo te form\u00e9 y te he destinado para que seas alianza del pueblo: para restaurar la tierra&#8230; para decir a los prisioneros: &#8216;Salgan&#8217;, y &hellip; Continuar leyendo \"Mi\u00e9rcoles de la IV Semana de Cuaresma\"","og_url":"http:\/\/igfergon.com.mx\/?p=6188","og_site_name":"El sitio del P. Ignacio Fern\u00e1ndez Gonz\u00e1lez","article_publisher":"https:\/\/www.facebook.com\/","article_published_time":"2026-03-18T08:37:28+00:00","article_modified_time":"2026-03-18T08:37:31+00:00","og_image":[{"width":237,"height":213,"url":"http:\/\/igfergon.com.mx\/wp-content\/uploads\/2026\/03\/Miercoles-4SC.jpg","type":"image\/jpeg"}],"author":"igfergon.com.mx","twitter_card":"summary_large_image","twitter_misc":{"Escrito por":"igfergon.com.mx","Tiempo de lectura":"3 minutos"},"schema":{"@context":"https:\/\/schema.org","@graph":[{"@type":"Article","@id":"http:\/\/igfergon.com.mx\/?p=6188#article","isPartOf":{"@id":"http:\/\/igfergon.com.mx\/?p=6188"},"author":{"name":"igfergon.com.mx","@id":"http:\/\/igfergon.com.mx\/#\/schema\/person\/b42517895faefafe2a81218226d90957"},"headline":"Mi\u00e9rcoles de la IV Semana de Cuaresma","datePublished":"2026-03-18T08:37:28+00:00","dateModified":"2026-03-18T08:37:31+00:00","mainEntityOfPage":{"@id":"http:\/\/igfergon.com.mx\/?p=6188"},"wordCount":536,"publisher":{"@id":"http:\/\/igfergon.com.mx\/#organization"},"image":{"@id":"http:\/\/igfergon.com.mx\/?p=6188#primaryimage"},"thumbnailUrl":"http:\/\/igfergon.com.mx\/wp-content\/uploads\/2026\/03\/Miercoles-4SC.jpg","keywords":["comentario al evangelio","Homil\u00eda","homil\u00eda diaria","liturgia","Mi\u00e9rcoles de la IV Semana de Cuaresma"],"articleSection":["comentario al evangelio","homil\u00eda","homil\u00eda diaria","liturgia"],"inLanguage":"es"},{"@type":"WebPage","@id":"http:\/\/igfergon.com.mx\/?p=6188","url":"http:\/\/igfergon.com.mx\/?p=6188","name":"Mi\u00e9rcoles de la IV Semana de Cuaresma - El sitio del P. Ignacio Fern\u00e1ndez Gonz\u00e1lez","isPartOf":{"@id":"http:\/\/igfergon.com.mx\/#website"},"primaryImageOfPage":{"@id":"http:\/\/igfergon.com.mx\/?p=6188#primaryimage"},"image":{"@id":"http:\/\/igfergon.com.mx\/?p=6188#primaryimage"},"thumbnailUrl":"http:\/\/igfergon.com.mx\/wp-content\/uploads\/2026\/03\/Miercoles-4SC.jpg","datePublished":"2026-03-18T08:37:28+00:00","dateModified":"2026-03-18T08:37:31+00:00","breadcrumb":{"@id":"http:\/\/igfergon.com.mx\/?p=6188#breadcrumb"},"inLanguage":"es","potentialAction":[{"@type":"ReadAction","target":["http:\/\/igfergon.com.mx\/?p=6188"]}]},{"@type":"ImageObject","inLanguage":"es","@id":"http:\/\/igfergon.com.mx\/?p=6188#primaryimage","url":"http:\/\/igfergon.com.mx\/wp-content\/uploads\/2026\/03\/Miercoles-4SC.jpg","contentUrl":"http:\/\/igfergon.com.mx\/wp-content\/uploads\/2026\/03\/Miercoles-4SC.jpg","width":237,"height":213},{"@type":"BreadcrumbList","@id":"http:\/\/igfergon.com.mx\/?p=6188#breadcrumb","itemListElement":[{"@type":"ListItem","position":1,"name":"Portada","item":"http:\/\/igfergon.com.mx\/"},{"@type":"ListItem","position":2,"name":"Mi\u00e9rcoles de la IV Semana de Cuaresma"}]},{"@type":"WebSite","@id":"http:\/\/igfergon.com.mx\/#website","url":"http:\/\/igfergon.com.mx\/","name":"El sitio del P. Ignacio Fern\u00e1ndez Gonz\u00e1lez","description":"Para Ayudarte","publisher":{"@id":"http:\/\/igfergon.com.mx\/#organization"},"potentialAction":[{"@type":"SearchAction","target":{"@type":"EntryPoint","urlTemplate":"http:\/\/igfergon.com.mx\/?s={search_term_string}"},"query-input":{"@type":"PropertyValueSpecification","valueRequired":true,"valueName":"search_term_string"}}],"inLanguage":"es"},{"@type":"Organization","@id":"http:\/\/igfergon.com.mx\/#organization","name":"El sitio del P. Ignacio Fern\u00e1ndez Gonz\u00e1lez","url":"http:\/\/igfergon.com.mx\/","logo":{"@type":"ImageObject","inLanguage":"es","@id":"http:\/\/igfergon.com.mx\/#\/schema\/logo\/image\/","url":"http:\/\/igfergon.com.mx\/wp-content\/uploads\/2018\/09\/cropped-ORDNACION02-2.jpg","contentUrl":"http:\/\/igfergon.com.mx\/wp-content\/uploads\/2018\/09\/cropped-ORDNACION02-2.jpg","width":250,"height":250,"caption":"El sitio del P. Ignacio Fern\u00e1ndez Gonz\u00e1lez"},"image":{"@id":"http:\/\/igfergon.com.mx\/#\/schema\/logo\/image\/"},"sameAs":["https:\/\/www.facebook.com\/"]},{"@type":"Person","@id":"http:\/\/igfergon.com.mx\/#\/schema\/person\/b42517895faefafe2a81218226d90957","name":"igfergon.com.mx","image":{"@type":"ImageObject","inLanguage":"es","@id":"http:\/\/igfergon.com.mx\/#\/schema\/person\/image\/","url":"https:\/\/secure.gravatar.com\/avatar\/9fd60c5591f2c6b18e76a917a69f35b0732f8532b3679d0132b3503b545db7a6?s=96&d=mm&r=g","contentUrl":"https:\/\/secure.gravatar.com\/avatar\/9fd60c5591f2c6b18e76a917a69f35b0732f8532b3679d0132b3503b545db7a6?s=96&d=mm&r=g","caption":"igfergon.com.mx"},"url":"http:\/\/igfergon.com.mx\/?author=1"}]}},"_links":{"self":[{"href":"http:\/\/igfergon.com.mx\/index.php?rest_route=\/wp\/v2\/posts\/6188","targetHints":{"allow":["GET"]}}],"collection":[{"href":"http:\/\/igfergon.com.mx\/index.php?rest_route=\/wp\/v2\/posts"}],"about":[{"href":"http:\/\/igfergon.com.mx\/index.php?rest_route=\/wp\/v2\/types\/post"}],"author":[{"embeddable":true,"href":"http:\/\/igfergon.com.mx\/index.php?rest_route=\/wp\/v2\/users\/1"}],"replies":[{"embeddable":true,"href":"http:\/\/igfergon.com.mx\/index.php?rest_route=%2Fwp%2Fv2%2Fcomments&post=6188"}],"version-history":[{"count":1,"href":"http:\/\/igfergon.com.mx\/index.php?rest_route=\/wp\/v2\/posts\/6188\/revisions"}],"predecessor-version":[{"id":6190,"href":"http:\/\/igfergon.com.mx\/index.php?rest_route=\/wp\/v2\/posts\/6188\/revisions\/6190"}],"wp:attachment":[{"href":"http:\/\/igfergon.com.mx\/index.php?rest_route=%2Fwp%2Fv2%2Fmedia&parent=6188"}],"wp:term":[{"taxonomy":"category","embeddable":true,"href":"http:\/\/igfergon.com.mx\/index.php?rest_route=%2Fwp%2Fv2%2Fcategories&post=6188"},{"taxonomy":"post_tag","embeddable":true,"href":"http:\/\/igfergon.com.mx\/index.php?rest_route=%2Fwp%2Fv2%2Ftags&post=6188"}],"curies":[{"name":"wp","href":"https:\/\/api.w.org\/{rel}","templated":true}]}}