{"id":6325,"date":"2026-04-27T08:31:24","date_gmt":"2026-04-27T06:31:24","guid":{"rendered":"http:\/\/igfergon.com.mx\/?p=6325"},"modified":"2026-04-27T08:31:26","modified_gmt":"2026-04-27T06:31:26","slug":"lunes-de-la-iv-semana-de-pascua-4","status":"publish","type":"post","link":"http:\/\/igfergon.com.mx\/?p=6325","title":{"rendered":"Lunes de la IV Semana de Pascua"},"content":{"rendered":"<div class=\"wp-block-image\">\n<figure class=\"aligncenter size-full\"><img loading=\"lazy\" decoding=\"async\" width=\"304\" height=\"166\" src=\"http:\/\/igfergon.com.mx\/wp-content\/uploads\/2026\/04\/Lunes-4SP.jpg\" alt=\"\" class=\"wp-image-6326\" srcset=\"http:\/\/igfergon.com.mx\/wp-content\/uploads\/2026\/04\/Lunes-4SP.jpg 304w, http:\/\/igfergon.com.mx\/wp-content\/uploads\/2026\/04\/Lunes-4SP-300x164.jpg 300w, http:\/\/igfergon.com.mx\/wp-content\/uploads\/2026\/04\/Lunes-4SP-200x109.jpg 200w\" sizes=\"auto, (max-width: 304px) 100vw, 304px\" \/><\/figure>\n<\/div>\n\n\n<p><strong>Hech 11, 1-18<\/strong><\/p>\n\n\n\n<p>De nuevo aparece en escena el binomio: oraci\u00f3n &#8211; Voluntad de Dios.<\/p>\n\n\n\n<p>Fue precisamente estando en oraci\u00f3n como Pedro y el hombre que fue bautizado por \u00e9ste, fueron advertidos estando en oraci\u00f3n.<\/p>\n\n\n\n<p>Y es que la oraci\u00f3n es el medio ordinario por el cual Dios va comunicando su voluntad a sus hijos, de manera que una persona que ora todos los d\u00edas, y que busca con todo su coraz\u00f3n al Se\u00f1or sin lugar a dudas que aun en la m\u00e1s oscura de las noches, encontrar\u00e1 el camino seguro; en medio de la crisis caminos de soluci\u00f3n; en la pena y el dolor la consolaci\u00f3n y sobre todo, en todo momento ir\u00e1 descubriendo la voluntad de Dios para cada uno de sus proyectos e iniciativas.<\/p>\n\n\n\n<p>La oraci\u00f3n es el \u00abmedio\u00bb en el cual el Esp\u00edritu se manifiesta, concediendo a sus fieles abundantes dones, carismas y consolaciones. De manera que no orar puede ser considerado como un verdadero suicidio espiritual.<\/p>\n\n\n\n<p>Un santo sacerdote dec\u00eda: \u00abNunca dejes lo importante por hacer lo urgente\u2026 recuerda siempre que lo m\u00e1s importante de tu d\u00eda es tu oraci\u00f3n\u00bb.<\/p>\n\n\n\n<p><strong>Jn 10,11-18<\/strong><\/p>\n\n\n\n<p>En el pasaje de hoy, Jes\u00fas nos dice que \u00c9l conoce a sus ovejas y que sus ovejas lo conocen a \u00c9l.<\/p>\n\n\n\n<p>Me pregunto, \u00bfes que realmente conozco a Jes\u00fas? \u00bfqu\u00e9 es en realidad lo que conozco de \u00c9l? La triste realidad de muchos de nuestros hermanos es que no conocen a Jes\u00fas porque no leen la Sagrada Escritura.<\/p>\n\n\n\n<p>Por eso dec\u00eda san Jer\u00f3nimo, que desconocer la Escritura es desconocer a Jes\u00fas. Este conocimiento nos va llevando de la mano hasta llegar a tener la experiencia profunda e interior de Jes\u00fas, el conocimiento \u00edntimo, que nos lleva a conocer y a gustar interiormente, como dec\u00eda san Ignacio de Loyola, el amor de Dios.<\/p>\n\n\n\n<p>Si todav\u00eda la lectura del Evangelio no es un h\u00e1bito en tu vida, inicia hoy mismo un programa de estudio sistem\u00e1tico (ordenado) que te lleve a conocer a Jes\u00fas.<\/p>\n\n\n\n<p>Si no tiene tu Biblia personal, una buena idea ser\u00eda el comprarla. Conoce a Jes\u00fas, y ver\u00e1s, como dice el salmo: que bueno es el Se\u00f1or.<\/p>\n\n\n\n<p><\/p>\n","protected":false},"excerpt":{"rendered":"<p>Hech 11, 1-18 De nuevo aparece en escena el binomio: oraci\u00f3n &#8211; Voluntad de Dios. Fue precisamente estando en oraci\u00f3n como Pedro y el hombre que fue bautizado por \u00e9ste, fueron advertidos estando en oraci\u00f3n. Y es que la oraci\u00f3n es el medio ordinario por el cual Dios va comunicando su voluntad a sus hijos, &hellip; <\/p>\n<p class=\"link-more\"><a href=\"http:\/\/igfergon.com.mx\/?p=6325\" class=\"more-link\">Continuar leyendo<span class=\"screen-reader-text\"> \u00abLunes de la IV Semana de Pascua\u00bb<\/span><\/a><\/p>\n","protected":false},"author":1,"featured_media":0,"comment_status":"closed","ping_status":"closed","sticky":false,"template":"","format":"standard","meta":{"footnotes":""},"categories":[13,14,10,1],"tags":[69,8,6,7,311],"class_list":["post-6325","post","type-post","status-publish","format-standard","hentry","category-comentario-al-evangelio","category-homilia","category-homilia-diaria","category-uncategorized","tag-comentario-al-evangelio-2","tag-homilia","tag-homilia-diaria","tag-liturgia","tag-lunes-de-la-iv-semana-de-pascua"],"yoast_head":"<!-- This site is optimized with the Yoast SEO plugin v26.0 - https:\/\/yoast.com\/wordpress\/plugins\/seo\/ -->\n<title>Lunes de la IV Semana de Pascua - El sitio del P. Ignacio Fern\u00e1ndez Gonz\u00e1lez<\/title>\n<meta name=\"robots\" content=\"index, follow, max-snippet:-1, max-image-preview:large, max-video-preview:-1\" \/>\n<link rel=\"canonical\" href=\"http:\/\/igfergon.com.mx\/?p=6325\" \/>\n<meta property=\"og:locale\" content=\"es_ES\" \/>\n<meta property=\"og:type\" content=\"article\" \/>\n<meta property=\"og:title\" content=\"Lunes de la IV Semana de Pascua - El sitio del P. Ignacio Fern\u00e1ndez Gonz\u00e1lez\" \/>\n<meta property=\"og:description\" content=\"Hech 11, 1-18 De nuevo aparece en escena el binomio: oraci\u00f3n &#8211; Voluntad de Dios. Fue precisamente estando en oraci\u00f3n como Pedro y el hombre que fue bautizado por \u00e9ste, fueron advertidos estando en oraci\u00f3n. Y es que la oraci\u00f3n es el medio ordinario por el cual Dios va comunicando su voluntad a sus hijos, &hellip; Continuar leyendo &quot;Lunes de la IV Semana de Pascua&quot;\" \/>\n<meta property=\"og:url\" content=\"http:\/\/igfergon.com.mx\/?p=6325\" \/>\n<meta property=\"og:site_name\" content=\"El sitio del P. Ignacio Fern\u00e1ndez Gonz\u00e1lez\" \/>\n<meta property=\"article:publisher\" content=\"https:\/\/www.facebook.com\/\" \/>\n<meta property=\"article:published_time\" content=\"2026-04-27T06:31:24+00:00\" \/>\n<meta property=\"article:modified_time\" content=\"2026-04-27T06:31:26+00:00\" \/>\n<meta property=\"og:image\" content=\"http:\/\/igfergon.com.mx\/wp-content\/uploads\/2026\/04\/Lunes-4SP.jpg\" \/>\n\t<meta property=\"og:image:width\" content=\"304\" \/>\n\t<meta property=\"og:image:height\" content=\"166\" \/>\n\t<meta property=\"og:image:type\" content=\"image\/jpeg\" \/>\n<meta name=\"author\" content=\"igfergon.com.mx\" \/>\n<meta name=\"twitter:card\" content=\"summary_large_image\" \/>\n<meta name=\"twitter:label1\" content=\"Escrito por\" \/>\n\t<meta name=\"twitter:data1\" content=\"igfergon.com.mx\" \/>\n\t<meta name=\"twitter:label2\" content=\"Tiempo de lectura\" \/>\n\t<meta name=\"twitter:data2\" content=\"2 minutos\" \/>\n<script type=\"application\/ld+json\" class=\"yoast-schema-graph\">{\"@context\":\"https:\/\/schema.org\",\"@graph\":[{\"@type\":\"Article\",\"@id\":\"http:\/\/igfergon.com.mx\/?p=6325#article\",\"isPartOf\":{\"@id\":\"http:\/\/igfergon.com.mx\/?p=6325\"},\"author\":{\"name\":\"igfergon.com.mx\",\"@id\":\"http:\/\/igfergon.com.mx\/#\/schema\/person\/b42517895faefafe2a81218226d90957\"},\"headline\":\"Lunes de la IV Semana de Pascua\",\"datePublished\":\"2026-04-27T06:31:24+00:00\",\"dateModified\":\"2026-04-27T06:31:26+00:00\",\"mainEntityOfPage\":{\"@id\":\"http:\/\/igfergon.com.mx\/?p=6325\"},\"wordCount\":393,\"publisher\":{\"@id\":\"http:\/\/igfergon.com.mx\/#organization\"},\"image\":{\"@id\":\"http:\/\/igfergon.com.mx\/?p=6325#primaryimage\"},\"thumbnailUrl\":\"http:\/\/igfergon.com.mx\/wp-content\/uploads\/2026\/04\/Lunes-4SP.jpg\",\"keywords\":[\"comentario al evangelio\",\"Homil\u00eda\",\"homil\u00eda diaria\",\"liturgia\",\"Lunes de la IV Semana de Pascua\"],\"articleSection\":[\"comentario al evangelio\",\"homil\u00eda\",\"homil\u00eda diaria\",\"liturgia\"],\"inLanguage\":\"es\"},{\"@type\":\"WebPage\",\"@id\":\"http:\/\/igfergon.com.mx\/?p=6325\",\"url\":\"http:\/\/igfergon.com.mx\/?p=6325\",\"name\":\"Lunes de la IV Semana de Pascua - El sitio del P. Ignacio Fern\u00e1ndez Gonz\u00e1lez\",\"isPartOf\":{\"@id\":\"http:\/\/igfergon.com.mx\/#website\"},\"primaryImageOfPage\":{\"@id\":\"http:\/\/igfergon.com.mx\/?p=6325#primaryimage\"},\"image\":{\"@id\":\"http:\/\/igfergon.com.mx\/?p=6325#primaryimage\"},\"thumbnailUrl\":\"http:\/\/igfergon.com.mx\/wp-content\/uploads\/2026\/04\/Lunes-4SP.jpg\",\"datePublished\":\"2026-04-27T06:31:24+00:00\",\"dateModified\":\"2026-04-27T06:31:26+00:00\",\"breadcrumb\":{\"@id\":\"http:\/\/igfergon.com.mx\/?p=6325#breadcrumb\"},\"inLanguage\":\"es\",\"potentialAction\":[{\"@type\":\"ReadAction\",\"target\":[\"http:\/\/igfergon.com.mx\/?p=6325\"]}]},{\"@type\":\"ImageObject\",\"inLanguage\":\"es\",\"@id\":\"http:\/\/igfergon.com.mx\/?p=6325#primaryimage\",\"url\":\"http:\/\/igfergon.com.mx\/wp-content\/uploads\/2026\/04\/Lunes-4SP.jpg\",\"contentUrl\":\"http:\/\/igfergon.com.mx\/wp-content\/uploads\/2026\/04\/Lunes-4SP.jpg\",\"width\":304,\"height\":166},{\"@type\":\"BreadcrumbList\",\"@id\":\"http:\/\/igfergon.com.mx\/?p=6325#breadcrumb\",\"itemListElement\":[{\"@type\":\"ListItem\",\"position\":1,\"name\":\"Portada\",\"item\":\"http:\/\/igfergon.com.mx\/\"},{\"@type\":\"ListItem\",\"position\":2,\"name\":\"Lunes de la IV Semana de Pascua\"}]},{\"@type\":\"WebSite\",\"@id\":\"http:\/\/igfergon.com.mx\/#website\",\"url\":\"http:\/\/igfergon.com.mx\/\",\"name\":\"El sitio del P. Ignacio Fern\u00e1ndez Gonz\u00e1lez\",\"description\":\"Para Ayudarte\",\"publisher\":{\"@id\":\"http:\/\/igfergon.com.mx\/#organization\"},\"potentialAction\":[{\"@type\":\"SearchAction\",\"target\":{\"@type\":\"EntryPoint\",\"urlTemplate\":\"http:\/\/igfergon.com.mx\/?s={search_term_string}\"},\"query-input\":{\"@type\":\"PropertyValueSpecification\",\"valueRequired\":true,\"valueName\":\"search_term_string\"}}],\"inLanguage\":\"es\"},{\"@type\":\"Organization\",\"@id\":\"http:\/\/igfergon.com.mx\/#organization\",\"name\":\"El sitio del P. Ignacio Fern\u00e1ndez Gonz\u00e1lez\",\"url\":\"http:\/\/igfergon.com.mx\/\",\"logo\":{\"@type\":\"ImageObject\",\"inLanguage\":\"es\",\"@id\":\"http:\/\/igfergon.com.mx\/#\/schema\/logo\/image\/\",\"url\":\"http:\/\/igfergon.com.mx\/wp-content\/uploads\/2018\/09\/cropped-ORDNACION02-2.jpg\",\"contentUrl\":\"http:\/\/igfergon.com.mx\/wp-content\/uploads\/2018\/09\/cropped-ORDNACION02-2.jpg\",\"width\":250,\"height\":250,\"caption\":\"El sitio del P. Ignacio Fern\u00e1ndez Gonz\u00e1lez\"},\"image\":{\"@id\":\"http:\/\/igfergon.com.mx\/#\/schema\/logo\/image\/\"},\"sameAs\":[\"https:\/\/www.facebook.com\/\"]},{\"@type\":\"Person\",\"@id\":\"http:\/\/igfergon.com.mx\/#\/schema\/person\/b42517895faefafe2a81218226d90957\",\"name\":\"igfergon.com.mx\",\"image\":{\"@type\":\"ImageObject\",\"inLanguage\":\"es\",\"@id\":\"http:\/\/igfergon.com.mx\/#\/schema\/person\/image\/\",\"url\":\"https:\/\/secure.gravatar.com\/avatar\/9fd60c5591f2c6b18e76a917a69f35b0732f8532b3679d0132b3503b545db7a6?s=96&d=mm&r=g\",\"contentUrl\":\"https:\/\/secure.gravatar.com\/avatar\/9fd60c5591f2c6b18e76a917a69f35b0732f8532b3679d0132b3503b545db7a6?s=96&d=mm&r=g\",\"caption\":\"igfergon.com.mx\"},\"url\":\"http:\/\/igfergon.com.mx\/?author=1\"}]}<\/script>\n<!-- \/ Yoast SEO plugin. -->","yoast_head_json":{"title":"Lunes de la IV Semana de Pascua - El sitio del P. Ignacio Fern\u00e1ndez Gonz\u00e1lez","robots":{"index":"index","follow":"follow","max-snippet":"max-snippet:-1","max-image-preview":"max-image-preview:large","max-video-preview":"max-video-preview:-1"},"canonical":"http:\/\/igfergon.com.mx\/?p=6325","og_locale":"es_ES","og_type":"article","og_title":"Lunes de la IV Semana de Pascua - El sitio del P. Ignacio Fern\u00e1ndez Gonz\u00e1lez","og_description":"Hech 11, 1-18 De nuevo aparece en escena el binomio: oraci\u00f3n &#8211; Voluntad de Dios. Fue precisamente estando en oraci\u00f3n como Pedro y el hombre que fue bautizado por \u00e9ste, fueron advertidos estando en oraci\u00f3n. Y es que la oraci\u00f3n es el medio ordinario por el cual Dios va comunicando su voluntad a sus hijos, &hellip; Continuar leyendo \"Lunes de la IV Semana de Pascua\"","og_url":"http:\/\/igfergon.com.mx\/?p=6325","og_site_name":"El sitio del P. Ignacio Fern\u00e1ndez Gonz\u00e1lez","article_publisher":"https:\/\/www.facebook.com\/","article_published_time":"2026-04-27T06:31:24+00:00","article_modified_time":"2026-04-27T06:31:26+00:00","og_image":[{"width":304,"height":166,"url":"http:\/\/igfergon.com.mx\/wp-content\/uploads\/2026\/04\/Lunes-4SP.jpg","type":"image\/jpeg"}],"author":"igfergon.com.mx","twitter_card":"summary_large_image","twitter_misc":{"Escrito por":"igfergon.com.mx","Tiempo de lectura":"2 minutos"},"schema":{"@context":"https:\/\/schema.org","@graph":[{"@type":"Article","@id":"http:\/\/igfergon.com.mx\/?p=6325#article","isPartOf":{"@id":"http:\/\/igfergon.com.mx\/?p=6325"},"author":{"name":"igfergon.com.mx","@id":"http:\/\/igfergon.com.mx\/#\/schema\/person\/b42517895faefafe2a81218226d90957"},"headline":"Lunes de la IV Semana de Pascua","datePublished":"2026-04-27T06:31:24+00:00","dateModified":"2026-04-27T06:31:26+00:00","mainEntityOfPage":{"@id":"http:\/\/igfergon.com.mx\/?p=6325"},"wordCount":393,"publisher":{"@id":"http:\/\/igfergon.com.mx\/#organization"},"image":{"@id":"http:\/\/igfergon.com.mx\/?p=6325#primaryimage"},"thumbnailUrl":"http:\/\/igfergon.com.mx\/wp-content\/uploads\/2026\/04\/Lunes-4SP.jpg","keywords":["comentario al evangelio","Homil\u00eda","homil\u00eda diaria","liturgia","Lunes de la IV Semana de Pascua"],"articleSection":["comentario al evangelio","homil\u00eda","homil\u00eda diaria","liturgia"],"inLanguage":"es"},{"@type":"WebPage","@id":"http:\/\/igfergon.com.mx\/?p=6325","url":"http:\/\/igfergon.com.mx\/?p=6325","name":"Lunes de la IV Semana de Pascua - El sitio del P. Ignacio Fern\u00e1ndez Gonz\u00e1lez","isPartOf":{"@id":"http:\/\/igfergon.com.mx\/#website"},"primaryImageOfPage":{"@id":"http:\/\/igfergon.com.mx\/?p=6325#primaryimage"},"image":{"@id":"http:\/\/igfergon.com.mx\/?p=6325#primaryimage"},"thumbnailUrl":"http:\/\/igfergon.com.mx\/wp-content\/uploads\/2026\/04\/Lunes-4SP.jpg","datePublished":"2026-04-27T06:31:24+00:00","dateModified":"2026-04-27T06:31:26+00:00","breadcrumb":{"@id":"http:\/\/igfergon.com.mx\/?p=6325#breadcrumb"},"inLanguage":"es","potentialAction":[{"@type":"ReadAction","target":["http:\/\/igfergon.com.mx\/?p=6325"]}]},{"@type":"ImageObject","inLanguage":"es","@id":"http:\/\/igfergon.com.mx\/?p=6325#primaryimage","url":"http:\/\/igfergon.com.mx\/wp-content\/uploads\/2026\/04\/Lunes-4SP.jpg","contentUrl":"http:\/\/igfergon.com.mx\/wp-content\/uploads\/2026\/04\/Lunes-4SP.jpg","width":304,"height":166},{"@type":"BreadcrumbList","@id":"http:\/\/igfergon.com.mx\/?p=6325#breadcrumb","itemListElement":[{"@type":"ListItem","position":1,"name":"Portada","item":"http:\/\/igfergon.com.mx\/"},{"@type":"ListItem","position":2,"name":"Lunes de la IV Semana de Pascua"}]},{"@type":"WebSite","@id":"http:\/\/igfergon.com.mx\/#website","url":"http:\/\/igfergon.com.mx\/","name":"El sitio del P. Ignacio Fern\u00e1ndez Gonz\u00e1lez","description":"Para Ayudarte","publisher":{"@id":"http:\/\/igfergon.com.mx\/#organization"},"potentialAction":[{"@type":"SearchAction","target":{"@type":"EntryPoint","urlTemplate":"http:\/\/igfergon.com.mx\/?s={search_term_string}"},"query-input":{"@type":"PropertyValueSpecification","valueRequired":true,"valueName":"search_term_string"}}],"inLanguage":"es"},{"@type":"Organization","@id":"http:\/\/igfergon.com.mx\/#organization","name":"El sitio del P. Ignacio Fern\u00e1ndez Gonz\u00e1lez","url":"http:\/\/igfergon.com.mx\/","logo":{"@type":"ImageObject","inLanguage":"es","@id":"http:\/\/igfergon.com.mx\/#\/schema\/logo\/image\/","url":"http:\/\/igfergon.com.mx\/wp-content\/uploads\/2018\/09\/cropped-ORDNACION02-2.jpg","contentUrl":"http:\/\/igfergon.com.mx\/wp-content\/uploads\/2018\/09\/cropped-ORDNACION02-2.jpg","width":250,"height":250,"caption":"El sitio del P. Ignacio Fern\u00e1ndez Gonz\u00e1lez"},"image":{"@id":"http:\/\/igfergon.com.mx\/#\/schema\/logo\/image\/"},"sameAs":["https:\/\/www.facebook.com\/"]},{"@type":"Person","@id":"http:\/\/igfergon.com.mx\/#\/schema\/person\/b42517895faefafe2a81218226d90957","name":"igfergon.com.mx","image":{"@type":"ImageObject","inLanguage":"es","@id":"http:\/\/igfergon.com.mx\/#\/schema\/person\/image\/","url":"https:\/\/secure.gravatar.com\/avatar\/9fd60c5591f2c6b18e76a917a69f35b0732f8532b3679d0132b3503b545db7a6?s=96&d=mm&r=g","contentUrl":"https:\/\/secure.gravatar.com\/avatar\/9fd60c5591f2c6b18e76a917a69f35b0732f8532b3679d0132b3503b545db7a6?s=96&d=mm&r=g","caption":"igfergon.com.mx"},"url":"http:\/\/igfergon.com.mx\/?author=1"}]}},"_links":{"self":[{"href":"http:\/\/igfergon.com.mx\/index.php?rest_route=\/wp\/v2\/posts\/6325","targetHints":{"allow":["GET"]}}],"collection":[{"href":"http:\/\/igfergon.com.mx\/index.php?rest_route=\/wp\/v2\/posts"}],"about":[{"href":"http:\/\/igfergon.com.mx\/index.php?rest_route=\/wp\/v2\/types\/post"}],"author":[{"embeddable":true,"href":"http:\/\/igfergon.com.mx\/index.php?rest_route=\/wp\/v2\/users\/1"}],"replies":[{"embeddable":true,"href":"http:\/\/igfergon.com.mx\/index.php?rest_route=%2Fwp%2Fv2%2Fcomments&post=6325"}],"version-history":[{"count":1,"href":"http:\/\/igfergon.com.mx\/index.php?rest_route=\/wp\/v2\/posts\/6325\/revisions"}],"predecessor-version":[{"id":6327,"href":"http:\/\/igfergon.com.mx\/index.php?rest_route=\/wp\/v2\/posts\/6325\/revisions\/6327"}],"wp:attachment":[{"href":"http:\/\/igfergon.com.mx\/index.php?rest_route=%2Fwp%2Fv2%2Fmedia&parent=6325"}],"wp:term":[{"taxonomy":"category","embeddable":true,"href":"http:\/\/igfergon.com.mx\/index.php?rest_route=%2Fwp%2Fv2%2Fcategories&post=6325"},{"taxonomy":"post_tag","embeddable":true,"href":"http:\/\/igfergon.com.mx\/index.php?rest_route=%2Fwp%2Fv2%2Ftags&post=6325"}],"curies":[{"name":"wp","href":"https:\/\/api.w.org\/{rel}","templated":true}]}}