{"id":6337,"date":"2026-04-29T09:20:01","date_gmt":"2026-04-29T07:20:01","guid":{"rendered":"http:\/\/igfergon.com.mx\/?p=6337"},"modified":"2026-04-29T09:20:03","modified_gmt":"2026-04-29T07:20:03","slug":"santa-catalina-de-siena","status":"publish","type":"post","link":"http:\/\/igfergon.com.mx\/?p=6337","title":{"rendered":"Santa Catalina de Siena"},"content":{"rendered":"<div class=\"wp-block-image\">\n<figure class=\"aligncenter size-full\"><img loading=\"lazy\" decoding=\"async\" width=\"284\" height=\"177\" src=\"http:\/\/igfergon.com.mx\/wp-content\/uploads\/2026\/04\/Santa-Catalina-de-Siena.jpg\" alt=\"\" class=\"wp-image-6338\" srcset=\"http:\/\/igfergon.com.mx\/wp-content\/uploads\/2026\/04\/Santa-Catalina-de-Siena.jpg 284w, http:\/\/igfergon.com.mx\/wp-content\/uploads\/2026\/04\/Santa-Catalina-de-Siena-200x125.jpg 200w\" sizes=\"auto, (max-width: 284px) 100vw, 284px\" \/><\/figure>\n<\/div>\n\n\n<p><strong>Mt 11, 25-30<\/strong><\/p>\n\n\n\n<p>Hoy, la Iglesia celebra con gozo y gratitud a santa Catalina de Siena (1347-1380). Con gozo porque en ella se hicieron realidad las palabras de Cristo: \u00abPorque has ocultado estas cosas a sabios e inteligentes, y se las has revelado a peque\u00f1os\u00bb (Mt 11,25). Impresiona el grado de madurez interior i de uni\u00f3n amorosa \u2014hasta los m\u00edsticos desposorios\u2014 en Jesucristo de una chica tan joven como Catalina.<\/p>\n\n\n\n<p>Dios mismo lleva en su \u201cADN\u201d la sencillez, la discreci\u00f3n. As\u00ed actu\u00f3 el Mes\u00edas: naci\u00f3 en un establo y resucit\u00f3 sin triunfalismos. \u00c9l era el Rey anunciado y esperado desde David, pero su corona real est\u00e1 hecha de espinas y su trono es la Cruz. En una de sus visiones m\u00edsticas, Catalina vio que Jes\u00fas le presentaba dos coronas, una de oro i otra de espinas. Ella, respondiendo que su reposo era el dolor del Se\u00f1or, escogi\u00f3 la de espinas\u2026 \u00abVenid a m\u00ed todos los que est\u00e1is fatigados y sobrecargados, y yo os dar\u00e9 descanso\u00bb (Mt 11,28): Catalina reposa en el sufrimiento de Cristo; Jes\u00fas reposa en la sencillez de la joven santa.<\/p>\n\n\n\n<p>Catalina, buena conocedora de su Amado, ten\u00eda viva conciencia de la grandeza del hombre porque Dios mismo es un enamorado de cada uno de nosotros: \u00ab\u00bfQu\u00e9 cosa fue el motivo de que establecieras al hombre en semejante dignidad? Ciertamente, nada que no fuera el amor inextinguible con el que contemplaste a tu criatura en ti mismo y te dejaste cautivar de amor por ella. Por amor lo creaste, por amor le diste un ser capaz de gustar tu Bien eterno\u00bb.<\/p>\n\n\n\n<p>Finalmente, la gratitud de la Iglesia hacia Catalina por su tarea conciliadora. En aquel tiempo, la Iglesia vivi\u00f3 un triste periodo de divisiones, internas y externas. Lo m\u00e1s lamentable fue el \u201cexilio de Avi\u00f1\u00f3n\u201d. Desde el 1305, un total de siete papas residieron en Avi\u00f1\u00f3n. Las oraciones y las gestiones de santa Catalina \u2014tambi\u00e9n de otras personalidades, como santa Br\u00edgida\u2014 consiguieron que en 1367 el Papa Urbano V retornara a la Ciudad Eterna. \u00a1Gracias sean dadas eternamente a las santas mujeres que tanto han hecho \u2014frecuentemente m\u00e1s de lo que sabemos\u2014 por la Iglesia!<\/p>\n","protected":false},"excerpt":{"rendered":"<p>Mt 11, 25-30 Hoy, la Iglesia celebra con gozo y gratitud a santa Catalina de Siena (1347-1380). Con gozo porque en ella se hicieron realidad las palabras de Cristo: \u00abPorque has ocultado estas cosas a sabios e inteligentes, y se las has revelado a peque\u00f1os\u00bb (Mt 11,25). Impresiona el grado de madurez interior i de &hellip; <\/p>\n<p class=\"link-more\"><a href=\"http:\/\/igfergon.com.mx\/?p=6337\" class=\"more-link\">Continuar leyendo<span class=\"screen-reader-text\"> \u00abSanta Catalina de Siena\u00bb<\/span><\/a><\/p>\n","protected":false},"author":1,"featured_media":0,"comment_status":"closed","ping_status":"closed","sticky":false,"template":"","format":"standard","meta":{"footnotes":""},"categories":[13,14,10,1],"tags":[69,8,6,7,655],"class_list":["post-6337","post","type-post","status-publish","format-standard","hentry","category-comentario-al-evangelio","category-homilia","category-homilia-diaria","category-uncategorized","tag-comentario-al-evangelio-2","tag-homilia","tag-homilia-diaria","tag-liturgia","tag-santa-catalina-de-siena"],"yoast_head":"<!-- This site is optimized with the Yoast SEO plugin v26.0 - https:\/\/yoast.com\/wordpress\/plugins\/seo\/ -->\n<title>Santa Catalina de Siena - El sitio del P. Ignacio Fern\u00e1ndez Gonz\u00e1lez<\/title>\n<meta name=\"robots\" content=\"index, follow, max-snippet:-1, max-image-preview:large, max-video-preview:-1\" \/>\n<link rel=\"canonical\" href=\"http:\/\/igfergon.com.mx\/?p=6337\" \/>\n<meta property=\"og:locale\" content=\"es_ES\" \/>\n<meta property=\"og:type\" content=\"article\" \/>\n<meta property=\"og:title\" content=\"Santa Catalina de Siena - El sitio del P. Ignacio Fern\u00e1ndez Gonz\u00e1lez\" \/>\n<meta property=\"og:description\" content=\"Mt 11, 25-30 Hoy, la Iglesia celebra con gozo y gratitud a santa Catalina de Siena (1347-1380). Con gozo porque en ella se hicieron realidad las palabras de Cristo: \u00abPorque has ocultado estas cosas a sabios e inteligentes, y se las has revelado a peque\u00f1os\u00bb (Mt 11,25). Impresiona el grado de madurez interior i de &hellip; Continuar leyendo &quot;Santa Catalina de Siena&quot;\" \/>\n<meta property=\"og:url\" content=\"http:\/\/igfergon.com.mx\/?p=6337\" \/>\n<meta property=\"og:site_name\" content=\"El sitio del P. Ignacio Fern\u00e1ndez Gonz\u00e1lez\" \/>\n<meta property=\"article:publisher\" content=\"https:\/\/www.facebook.com\/\" \/>\n<meta property=\"article:published_time\" content=\"2026-04-29T07:20:01+00:00\" \/>\n<meta property=\"article:modified_time\" content=\"2026-04-29T07:20:03+00:00\" \/>\n<meta property=\"og:image\" content=\"http:\/\/igfergon.com.mx\/wp-content\/uploads\/2026\/04\/Santa-Catalina-de-Siena.jpg\" \/>\n\t<meta property=\"og:image:width\" content=\"284\" \/>\n\t<meta property=\"og:image:height\" content=\"177\" \/>\n\t<meta property=\"og:image:type\" content=\"image\/jpeg\" \/>\n<meta name=\"author\" content=\"igfergon.com.mx\" \/>\n<meta name=\"twitter:card\" content=\"summary_large_image\" \/>\n<meta name=\"twitter:label1\" content=\"Escrito por\" \/>\n\t<meta name=\"twitter:data1\" content=\"igfergon.com.mx\" \/>\n\t<meta name=\"twitter:label2\" content=\"Tiempo de lectura\" \/>\n\t<meta name=\"twitter:data2\" content=\"2 minutos\" \/>\n<script type=\"application\/ld+json\" class=\"yoast-schema-graph\">{\"@context\":\"https:\/\/schema.org\",\"@graph\":[{\"@type\":\"Article\",\"@id\":\"http:\/\/igfergon.com.mx\/?p=6337#article\",\"isPartOf\":{\"@id\":\"http:\/\/igfergon.com.mx\/?p=6337\"},\"author\":{\"name\":\"igfergon.com.mx\",\"@id\":\"http:\/\/igfergon.com.mx\/#\/schema\/person\/b42517895faefafe2a81218226d90957\"},\"headline\":\"Santa Catalina de Siena\",\"datePublished\":\"2026-04-29T07:20:01+00:00\",\"dateModified\":\"2026-04-29T07:20:03+00:00\",\"mainEntityOfPage\":{\"@id\":\"http:\/\/igfergon.com.mx\/?p=6337\"},\"wordCount\":373,\"publisher\":{\"@id\":\"http:\/\/igfergon.com.mx\/#organization\"},\"image\":{\"@id\":\"http:\/\/igfergon.com.mx\/?p=6337#primaryimage\"},\"thumbnailUrl\":\"http:\/\/igfergon.com.mx\/wp-content\/uploads\/2026\/04\/Santa-Catalina-de-Siena.jpg\",\"keywords\":[\"comentario al evangelio\",\"Homil\u00eda\",\"homil\u00eda diaria\",\"liturgia\",\"Santa Catalina de Siena\"],\"articleSection\":[\"comentario al evangelio\",\"homil\u00eda\",\"homil\u00eda diaria\",\"liturgia\"],\"inLanguage\":\"es\"},{\"@type\":\"WebPage\",\"@id\":\"http:\/\/igfergon.com.mx\/?p=6337\",\"url\":\"http:\/\/igfergon.com.mx\/?p=6337\",\"name\":\"Santa Catalina de Siena - El sitio del P. Ignacio Fern\u00e1ndez Gonz\u00e1lez\",\"isPartOf\":{\"@id\":\"http:\/\/igfergon.com.mx\/#website\"},\"primaryImageOfPage\":{\"@id\":\"http:\/\/igfergon.com.mx\/?p=6337#primaryimage\"},\"image\":{\"@id\":\"http:\/\/igfergon.com.mx\/?p=6337#primaryimage\"},\"thumbnailUrl\":\"http:\/\/igfergon.com.mx\/wp-content\/uploads\/2026\/04\/Santa-Catalina-de-Siena.jpg\",\"datePublished\":\"2026-04-29T07:20:01+00:00\",\"dateModified\":\"2026-04-29T07:20:03+00:00\",\"breadcrumb\":{\"@id\":\"http:\/\/igfergon.com.mx\/?p=6337#breadcrumb\"},\"inLanguage\":\"es\",\"potentialAction\":[{\"@type\":\"ReadAction\",\"target\":[\"http:\/\/igfergon.com.mx\/?p=6337\"]}]},{\"@type\":\"ImageObject\",\"inLanguage\":\"es\",\"@id\":\"http:\/\/igfergon.com.mx\/?p=6337#primaryimage\",\"url\":\"http:\/\/igfergon.com.mx\/wp-content\/uploads\/2026\/04\/Santa-Catalina-de-Siena.jpg\",\"contentUrl\":\"http:\/\/igfergon.com.mx\/wp-content\/uploads\/2026\/04\/Santa-Catalina-de-Siena.jpg\",\"width\":284,\"height\":177},{\"@type\":\"BreadcrumbList\",\"@id\":\"http:\/\/igfergon.com.mx\/?p=6337#breadcrumb\",\"itemListElement\":[{\"@type\":\"ListItem\",\"position\":1,\"name\":\"Portada\",\"item\":\"http:\/\/igfergon.com.mx\/\"},{\"@type\":\"ListItem\",\"position\":2,\"name\":\"Santa Catalina de Siena\"}]},{\"@type\":\"WebSite\",\"@id\":\"http:\/\/igfergon.com.mx\/#website\",\"url\":\"http:\/\/igfergon.com.mx\/\",\"name\":\"El sitio del P. Ignacio Fern\u00e1ndez Gonz\u00e1lez\",\"description\":\"Para Ayudarte\",\"publisher\":{\"@id\":\"http:\/\/igfergon.com.mx\/#organization\"},\"potentialAction\":[{\"@type\":\"SearchAction\",\"target\":{\"@type\":\"EntryPoint\",\"urlTemplate\":\"http:\/\/igfergon.com.mx\/?s={search_term_string}\"},\"query-input\":{\"@type\":\"PropertyValueSpecification\",\"valueRequired\":true,\"valueName\":\"search_term_string\"}}],\"inLanguage\":\"es\"},{\"@type\":\"Organization\",\"@id\":\"http:\/\/igfergon.com.mx\/#organization\",\"name\":\"El sitio del P. Ignacio Fern\u00e1ndez Gonz\u00e1lez\",\"url\":\"http:\/\/igfergon.com.mx\/\",\"logo\":{\"@type\":\"ImageObject\",\"inLanguage\":\"es\",\"@id\":\"http:\/\/igfergon.com.mx\/#\/schema\/logo\/image\/\",\"url\":\"http:\/\/igfergon.com.mx\/wp-content\/uploads\/2018\/09\/cropped-ORDNACION02-2.jpg\",\"contentUrl\":\"http:\/\/igfergon.com.mx\/wp-content\/uploads\/2018\/09\/cropped-ORDNACION02-2.jpg\",\"width\":250,\"height\":250,\"caption\":\"El sitio del P. Ignacio Fern\u00e1ndez Gonz\u00e1lez\"},\"image\":{\"@id\":\"http:\/\/igfergon.com.mx\/#\/schema\/logo\/image\/\"},\"sameAs\":[\"https:\/\/www.facebook.com\/\"]},{\"@type\":\"Person\",\"@id\":\"http:\/\/igfergon.com.mx\/#\/schema\/person\/b42517895faefafe2a81218226d90957\",\"name\":\"igfergon.com.mx\",\"image\":{\"@type\":\"ImageObject\",\"inLanguage\":\"es\",\"@id\":\"http:\/\/igfergon.com.mx\/#\/schema\/person\/image\/\",\"url\":\"https:\/\/secure.gravatar.com\/avatar\/9fd60c5591f2c6b18e76a917a69f35b0732f8532b3679d0132b3503b545db7a6?s=96&d=mm&r=g\",\"contentUrl\":\"https:\/\/secure.gravatar.com\/avatar\/9fd60c5591f2c6b18e76a917a69f35b0732f8532b3679d0132b3503b545db7a6?s=96&d=mm&r=g\",\"caption\":\"igfergon.com.mx\"},\"url\":\"http:\/\/igfergon.com.mx\/?author=1\"}]}<\/script>\n<!-- \/ Yoast SEO plugin. -->","yoast_head_json":{"title":"Santa Catalina de Siena - El sitio del P. Ignacio Fern\u00e1ndez Gonz\u00e1lez","robots":{"index":"index","follow":"follow","max-snippet":"max-snippet:-1","max-image-preview":"max-image-preview:large","max-video-preview":"max-video-preview:-1"},"canonical":"http:\/\/igfergon.com.mx\/?p=6337","og_locale":"es_ES","og_type":"article","og_title":"Santa Catalina de Siena - El sitio del P. Ignacio Fern\u00e1ndez Gonz\u00e1lez","og_description":"Mt 11, 25-30 Hoy, la Iglesia celebra con gozo y gratitud a santa Catalina de Siena (1347-1380). Con gozo porque en ella se hicieron realidad las palabras de Cristo: \u00abPorque has ocultado estas cosas a sabios e inteligentes, y se las has revelado a peque\u00f1os\u00bb (Mt 11,25). Impresiona el grado de madurez interior i de &hellip; Continuar leyendo \"Santa Catalina de Siena\"","og_url":"http:\/\/igfergon.com.mx\/?p=6337","og_site_name":"El sitio del P. Ignacio Fern\u00e1ndez Gonz\u00e1lez","article_publisher":"https:\/\/www.facebook.com\/","article_published_time":"2026-04-29T07:20:01+00:00","article_modified_time":"2026-04-29T07:20:03+00:00","og_image":[{"width":284,"height":177,"url":"http:\/\/igfergon.com.mx\/wp-content\/uploads\/2026\/04\/Santa-Catalina-de-Siena.jpg","type":"image\/jpeg"}],"author":"igfergon.com.mx","twitter_card":"summary_large_image","twitter_misc":{"Escrito por":"igfergon.com.mx","Tiempo de lectura":"2 minutos"},"schema":{"@context":"https:\/\/schema.org","@graph":[{"@type":"Article","@id":"http:\/\/igfergon.com.mx\/?p=6337#article","isPartOf":{"@id":"http:\/\/igfergon.com.mx\/?p=6337"},"author":{"name":"igfergon.com.mx","@id":"http:\/\/igfergon.com.mx\/#\/schema\/person\/b42517895faefafe2a81218226d90957"},"headline":"Santa Catalina de Siena","datePublished":"2026-04-29T07:20:01+00:00","dateModified":"2026-04-29T07:20:03+00:00","mainEntityOfPage":{"@id":"http:\/\/igfergon.com.mx\/?p=6337"},"wordCount":373,"publisher":{"@id":"http:\/\/igfergon.com.mx\/#organization"},"image":{"@id":"http:\/\/igfergon.com.mx\/?p=6337#primaryimage"},"thumbnailUrl":"http:\/\/igfergon.com.mx\/wp-content\/uploads\/2026\/04\/Santa-Catalina-de-Siena.jpg","keywords":["comentario al evangelio","Homil\u00eda","homil\u00eda diaria","liturgia","Santa Catalina de Siena"],"articleSection":["comentario al evangelio","homil\u00eda","homil\u00eda diaria","liturgia"],"inLanguage":"es"},{"@type":"WebPage","@id":"http:\/\/igfergon.com.mx\/?p=6337","url":"http:\/\/igfergon.com.mx\/?p=6337","name":"Santa Catalina de Siena - El sitio del P. Ignacio Fern\u00e1ndez Gonz\u00e1lez","isPartOf":{"@id":"http:\/\/igfergon.com.mx\/#website"},"primaryImageOfPage":{"@id":"http:\/\/igfergon.com.mx\/?p=6337#primaryimage"},"image":{"@id":"http:\/\/igfergon.com.mx\/?p=6337#primaryimage"},"thumbnailUrl":"http:\/\/igfergon.com.mx\/wp-content\/uploads\/2026\/04\/Santa-Catalina-de-Siena.jpg","datePublished":"2026-04-29T07:20:01+00:00","dateModified":"2026-04-29T07:20:03+00:00","breadcrumb":{"@id":"http:\/\/igfergon.com.mx\/?p=6337#breadcrumb"},"inLanguage":"es","potentialAction":[{"@type":"ReadAction","target":["http:\/\/igfergon.com.mx\/?p=6337"]}]},{"@type":"ImageObject","inLanguage":"es","@id":"http:\/\/igfergon.com.mx\/?p=6337#primaryimage","url":"http:\/\/igfergon.com.mx\/wp-content\/uploads\/2026\/04\/Santa-Catalina-de-Siena.jpg","contentUrl":"http:\/\/igfergon.com.mx\/wp-content\/uploads\/2026\/04\/Santa-Catalina-de-Siena.jpg","width":284,"height":177},{"@type":"BreadcrumbList","@id":"http:\/\/igfergon.com.mx\/?p=6337#breadcrumb","itemListElement":[{"@type":"ListItem","position":1,"name":"Portada","item":"http:\/\/igfergon.com.mx\/"},{"@type":"ListItem","position":2,"name":"Santa Catalina de Siena"}]},{"@type":"WebSite","@id":"http:\/\/igfergon.com.mx\/#website","url":"http:\/\/igfergon.com.mx\/","name":"El sitio del P. Ignacio Fern\u00e1ndez Gonz\u00e1lez","description":"Para Ayudarte","publisher":{"@id":"http:\/\/igfergon.com.mx\/#organization"},"potentialAction":[{"@type":"SearchAction","target":{"@type":"EntryPoint","urlTemplate":"http:\/\/igfergon.com.mx\/?s={search_term_string}"},"query-input":{"@type":"PropertyValueSpecification","valueRequired":true,"valueName":"search_term_string"}}],"inLanguage":"es"},{"@type":"Organization","@id":"http:\/\/igfergon.com.mx\/#organization","name":"El sitio del P. Ignacio Fern\u00e1ndez Gonz\u00e1lez","url":"http:\/\/igfergon.com.mx\/","logo":{"@type":"ImageObject","inLanguage":"es","@id":"http:\/\/igfergon.com.mx\/#\/schema\/logo\/image\/","url":"http:\/\/igfergon.com.mx\/wp-content\/uploads\/2018\/09\/cropped-ORDNACION02-2.jpg","contentUrl":"http:\/\/igfergon.com.mx\/wp-content\/uploads\/2018\/09\/cropped-ORDNACION02-2.jpg","width":250,"height":250,"caption":"El sitio del P. Ignacio Fern\u00e1ndez Gonz\u00e1lez"},"image":{"@id":"http:\/\/igfergon.com.mx\/#\/schema\/logo\/image\/"},"sameAs":["https:\/\/www.facebook.com\/"]},{"@type":"Person","@id":"http:\/\/igfergon.com.mx\/#\/schema\/person\/b42517895faefafe2a81218226d90957","name":"igfergon.com.mx","image":{"@type":"ImageObject","inLanguage":"es","@id":"http:\/\/igfergon.com.mx\/#\/schema\/person\/image\/","url":"https:\/\/secure.gravatar.com\/avatar\/9fd60c5591f2c6b18e76a917a69f35b0732f8532b3679d0132b3503b545db7a6?s=96&d=mm&r=g","contentUrl":"https:\/\/secure.gravatar.com\/avatar\/9fd60c5591f2c6b18e76a917a69f35b0732f8532b3679d0132b3503b545db7a6?s=96&d=mm&r=g","caption":"igfergon.com.mx"},"url":"http:\/\/igfergon.com.mx\/?author=1"}]}},"_links":{"self":[{"href":"http:\/\/igfergon.com.mx\/index.php?rest_route=\/wp\/v2\/posts\/6337","targetHints":{"allow":["GET"]}}],"collection":[{"href":"http:\/\/igfergon.com.mx\/index.php?rest_route=\/wp\/v2\/posts"}],"about":[{"href":"http:\/\/igfergon.com.mx\/index.php?rest_route=\/wp\/v2\/types\/post"}],"author":[{"embeddable":true,"href":"http:\/\/igfergon.com.mx\/index.php?rest_route=\/wp\/v2\/users\/1"}],"replies":[{"embeddable":true,"href":"http:\/\/igfergon.com.mx\/index.php?rest_route=%2Fwp%2Fv2%2Fcomments&post=6337"}],"version-history":[{"count":1,"href":"http:\/\/igfergon.com.mx\/index.php?rest_route=\/wp\/v2\/posts\/6337\/revisions"}],"predecessor-version":[{"id":6339,"href":"http:\/\/igfergon.com.mx\/index.php?rest_route=\/wp\/v2\/posts\/6337\/revisions\/6339"}],"wp:attachment":[{"href":"http:\/\/igfergon.com.mx\/index.php?rest_route=%2Fwp%2Fv2%2Fmedia&parent=6337"}],"wp:term":[{"taxonomy":"category","embeddable":true,"href":"http:\/\/igfergon.com.mx\/index.php?rest_route=%2Fwp%2Fv2%2Fcategories&post=6337"},{"taxonomy":"post_tag","embeddable":true,"href":"http:\/\/igfergon.com.mx\/index.php?rest_route=%2Fwp%2Fv2%2Ftags&post=6337"}],"curies":[{"name":"wp","href":"https:\/\/api.w.org\/{rel}","templated":true}]}}