{"id":972,"date":"2019-08-20T17:15:17","date_gmt":"2019-08-20T15:15:17","guid":{"rendered":"http:\/\/igfergon.com.mx\/?p=972"},"modified":"2019-08-20T17:15:17","modified_gmt":"2019-08-20T15:15:17","slug":"martes-de-la-xx-semana-del-tiempo-ordinario","status":"publish","type":"post","link":"http:\/\/igfergon.com.mx\/?p=972","title":{"rendered":"Martes de la XX semana del tiempo ordinario"},"content":{"rendered":"<p>Jueces 6,11-24a; Mt 19,23-30<\/p>\n<p>Hay personajes en la Biblia que parecer\u00eda que est\u00e1n hablando en nuestros tiempos. Hoy en la primera lectura nos encontramos a Gede\u00f3n que, al recibir el saludo del \u00c1ngel del Se\u00f1or, \u201cEl Se\u00f1or est\u00e1 contigo valiente guerrero\u201d, da una respuesta que a muchos de nosotros nos gustar\u00eda hacer: \u201cPerd\u00f3n, Se\u00f1or m\u00edo. Si el Se\u00f1or est\u00e1 con nosotros, \u00bfpor qu\u00e9 han ca\u00eddo sobre nosotros tantas desgracias? \u00bfD\u00f3nde est\u00e1n aquellos prodigios de los que nos hablaban nuest<span class=\"text_exposed_show\">ros padres?&#8230; Ahora, en cambio, el Se\u00f1or nos ha abandonado y nos ha entregado\u201d. <\/span><\/p>\n<div class=\"text_exposed_show\">\n<p>Palabras duras y de desconsuelo, que sin embargo muchos tenemos ahora a flor de piel, cuando vemos las desgracias que se han dejado caer sobre nuestro pueblo. Y nos dan ganas de enumerar una a una todas las tragedias que estamos sufriendo: la crisis econ\u00f3mica, la violencia, la sequ\u00eda, los torrenciales aguacero e inundaciones, los accidentes, y un muy largo etc\u00e9tera que nos llevar\u00eda a m\u00e1s quejas y sollozos.<\/p>\n<p>Me gusta mucho la respuesta que le da el \u00e1ngel porque nos la da tambi\u00e9n a nosotros: \u201cUsa la fuerza que tienes, para salvar a Israel. Yo soy el que te env\u00eda\u201d. Aunque el Se\u00f1or es poderoso, se conf\u00eda a las pobres fuerzas de Gede\u00f3n para salvar a su pueblo. Aunque el Se\u00f1or es poderoso se conf\u00eda tambi\u00e9n hoy a nuestras pobres fuerzas para hacer salir de estas situaciones angustiosas a nuestro pueblo. Pero nos pide que tengamos en cuenta que \u201c\u00c9l es el que env\u00eda\u201d.<\/p>\n<p>Quiz\u00e1s nosotros tengamos la tentaci\u00f3n de Gede\u00f3n que se dice el m\u00e1s peque\u00f1o, de una de las familias m\u00e1s humildes y pide se\u00f1ales. A \u00e9l le son concedidas. Nosotros tengamos la fe suficiente para saber que Dios est\u00e1 con nosotros, pero tambi\u00e9n tengamos el optimismo y la generosidad necesarias para saber que se requiere poner todo lo que somos y todo lo que tenemos para lograrlo.<\/p>\n<p>No ganamos nada con m\u00e1s quejas y lamentos, se necesita trabajar honradamente y luchar contra toda injusticia y mentira. No tengamos miedo, \u201cel Se\u00f1or es el que nos env\u00eda\u201d.<\/p>\n<p>Contrastante con esta lectura se nos presenta el pasaje evang\u00e9lico donde Jes\u00fas reprocha la confianza puesta en los bienes materiales que hacen al hombre engre\u00eddo y tan ampuloso que no puede entrar en el Reino de los cielos. \u00bfD\u00f3nde ponemos nosotros nuestra confianza?<\/p>\n<\/div>\n","protected":false},"excerpt":{"rendered":"<p>Jueces 6,11-24a; Mt 19,23-30 Hay personajes en la Biblia que parecer\u00eda que est\u00e1n hablando en nuestros tiempos. Hoy en la primera lectura nos encontramos a Gede\u00f3n que, al recibir el saludo del \u00c1ngel del Se\u00f1or, \u201cEl Se\u00f1or est\u00e1 contigo valiente guerrero\u201d, da una respuesta que a muchos de nosotros nos gustar\u00eda hacer: \u201cPerd\u00f3n, Se\u00f1or m\u00edo. &hellip; <\/p>\n<p class=\"link-more\"><a href=\"http:\/\/igfergon.com.mx\/?p=972\" class=\"more-link\">Continuar leyendo<span class=\"screen-reader-text\"> \u00abMartes de la XX semana del tiempo ordinario\u00bb<\/span><\/a><\/p>\n","protected":false},"author":1,"featured_media":0,"comment_status":"open","ping_status":"open","sticky":false,"template":"","format":"standard","meta":{"footnotes":""},"categories":[1],"tags":[4,8,6,7],"class_list":["post-972","post","type-post","status-publish","format-standard","hentry","category-uncategorized","tag-comentario-biblico","tag-homilia","tag-homilia-diaria","tag-liturgia"],"yoast_head":"<!-- This site is optimized with the Yoast SEO plugin v26.0 - https:\/\/yoast.com\/wordpress\/plugins\/seo\/ -->\n<title>Martes de la XX semana del tiempo ordinario - El sitio del P. Ignacio Fern\u00e1ndez Gonz\u00e1lez<\/title>\n<meta name=\"robots\" content=\"index, follow, max-snippet:-1, max-image-preview:large, max-video-preview:-1\" \/>\n<link rel=\"canonical\" href=\"http:\/\/igfergon.com.mx\/?p=972\" \/>\n<meta property=\"og:locale\" content=\"es_ES\" \/>\n<meta property=\"og:type\" content=\"article\" \/>\n<meta property=\"og:title\" content=\"Martes de la XX semana del tiempo ordinario - El sitio del P. Ignacio Fern\u00e1ndez Gonz\u00e1lez\" \/>\n<meta property=\"og:description\" content=\"Jueces 6,11-24a; Mt 19,23-30 Hay personajes en la Biblia que parecer\u00eda que est\u00e1n hablando en nuestros tiempos. Hoy en la primera lectura nos encontramos a Gede\u00f3n que, al recibir el saludo del \u00c1ngel del Se\u00f1or, \u201cEl Se\u00f1or est\u00e1 contigo valiente guerrero\u201d, da una respuesta que a muchos de nosotros nos gustar\u00eda hacer: \u201cPerd\u00f3n, Se\u00f1or m\u00edo. &hellip; Continuar leyendo &quot;Martes de la XX semana del tiempo ordinario&quot;\" \/>\n<meta property=\"og:url\" content=\"http:\/\/igfergon.com.mx\/?p=972\" \/>\n<meta property=\"og:site_name\" content=\"El sitio del P. Ignacio Fern\u00e1ndez Gonz\u00e1lez\" \/>\n<meta property=\"article:publisher\" content=\"https:\/\/www.facebook.com\/\" \/>\n<meta property=\"article:published_time\" content=\"2019-08-20T15:15:17+00:00\" \/>\n<meta name=\"author\" content=\"igfergon.com.mx\" \/>\n<meta name=\"twitter:card\" content=\"summary_large_image\" \/>\n<meta name=\"twitter:label1\" content=\"Escrito por\" \/>\n\t<meta name=\"twitter:data1\" content=\"igfergon.com.mx\" \/>\n\t<meta name=\"twitter:label2\" content=\"Tiempo de lectura\" \/>\n\t<meta name=\"twitter:data2\" content=\"2 minutos\" \/>\n<script type=\"application\/ld+json\" class=\"yoast-schema-graph\">{\"@context\":\"https:\/\/schema.org\",\"@graph\":[{\"@type\":\"Article\",\"@id\":\"http:\/\/igfergon.com.mx\/?p=972#article\",\"isPartOf\":{\"@id\":\"http:\/\/igfergon.com.mx\/?p=972\"},\"author\":{\"name\":\"igfergon.com.mx\",\"@id\":\"http:\/\/igfergon.com.mx\/#\/schema\/person\/b42517895faefafe2a81218226d90957\"},\"headline\":\"Martes de la XX semana del tiempo ordinario\",\"datePublished\":\"2019-08-20T15:15:17+00:00\",\"mainEntityOfPage\":{\"@id\":\"http:\/\/igfergon.com.mx\/?p=972\"},\"wordCount\":437,\"commentCount\":0,\"publisher\":{\"@id\":\"http:\/\/igfergon.com.mx\/#organization\"},\"keywords\":[\"comentario b\u00edblico\",\"Homil\u00eda\",\"homil\u00eda diaria\",\"liturgia\"],\"articleSection\":[\"liturgia\"],\"inLanguage\":\"es\",\"potentialAction\":[{\"@type\":\"CommentAction\",\"name\":\"Comment\",\"target\":[\"http:\/\/igfergon.com.mx\/?p=972#respond\"]}]},{\"@type\":\"WebPage\",\"@id\":\"http:\/\/igfergon.com.mx\/?p=972\",\"url\":\"http:\/\/igfergon.com.mx\/?p=972\",\"name\":\"Martes de la XX semana del tiempo ordinario - El sitio del P. Ignacio Fern\u00e1ndez Gonz\u00e1lez\",\"isPartOf\":{\"@id\":\"http:\/\/igfergon.com.mx\/#website\"},\"datePublished\":\"2019-08-20T15:15:17+00:00\",\"breadcrumb\":{\"@id\":\"http:\/\/igfergon.com.mx\/?p=972#breadcrumb\"},\"inLanguage\":\"es\",\"potentialAction\":[{\"@type\":\"ReadAction\",\"target\":[\"http:\/\/igfergon.com.mx\/?p=972\"]}]},{\"@type\":\"BreadcrumbList\",\"@id\":\"http:\/\/igfergon.com.mx\/?p=972#breadcrumb\",\"itemListElement\":[{\"@type\":\"ListItem\",\"position\":1,\"name\":\"Portada\",\"item\":\"http:\/\/igfergon.com.mx\/\"},{\"@type\":\"ListItem\",\"position\":2,\"name\":\"Martes de la XX semana del tiempo ordinario\"}]},{\"@type\":\"WebSite\",\"@id\":\"http:\/\/igfergon.com.mx\/#website\",\"url\":\"http:\/\/igfergon.com.mx\/\",\"name\":\"El sitio del P. Ignacio Fern\u00e1ndez Gonz\u00e1lez\",\"description\":\"Para Ayudarte\",\"publisher\":{\"@id\":\"http:\/\/igfergon.com.mx\/#organization\"},\"potentialAction\":[{\"@type\":\"SearchAction\",\"target\":{\"@type\":\"EntryPoint\",\"urlTemplate\":\"http:\/\/igfergon.com.mx\/?s={search_term_string}\"},\"query-input\":{\"@type\":\"PropertyValueSpecification\",\"valueRequired\":true,\"valueName\":\"search_term_string\"}}],\"inLanguage\":\"es\"},{\"@type\":\"Organization\",\"@id\":\"http:\/\/igfergon.com.mx\/#organization\",\"name\":\"El sitio del P. Ignacio Fern\u00e1ndez Gonz\u00e1lez\",\"url\":\"http:\/\/igfergon.com.mx\/\",\"logo\":{\"@type\":\"ImageObject\",\"inLanguage\":\"es\",\"@id\":\"http:\/\/igfergon.com.mx\/#\/schema\/logo\/image\/\",\"url\":\"http:\/\/igfergon.com.mx\/wp-content\/uploads\/2018\/09\/cropped-ORDNACION02-2.jpg\",\"contentUrl\":\"http:\/\/igfergon.com.mx\/wp-content\/uploads\/2018\/09\/cropped-ORDNACION02-2.jpg\",\"width\":250,\"height\":250,\"caption\":\"El sitio del P. Ignacio Fern\u00e1ndez Gonz\u00e1lez\"},\"image\":{\"@id\":\"http:\/\/igfergon.com.mx\/#\/schema\/logo\/image\/\"},\"sameAs\":[\"https:\/\/www.facebook.com\/\"]},{\"@type\":\"Person\",\"@id\":\"http:\/\/igfergon.com.mx\/#\/schema\/person\/b42517895faefafe2a81218226d90957\",\"name\":\"igfergon.com.mx\",\"image\":{\"@type\":\"ImageObject\",\"inLanguage\":\"es\",\"@id\":\"http:\/\/igfergon.com.mx\/#\/schema\/person\/image\/\",\"url\":\"https:\/\/secure.gravatar.com\/avatar\/9fd60c5591f2c6b18e76a917a69f35b0732f8532b3679d0132b3503b545db7a6?s=96&d=mm&r=g\",\"contentUrl\":\"https:\/\/secure.gravatar.com\/avatar\/9fd60c5591f2c6b18e76a917a69f35b0732f8532b3679d0132b3503b545db7a6?s=96&d=mm&r=g\",\"caption\":\"igfergon.com.mx\"},\"url\":\"http:\/\/igfergon.com.mx\/?author=1\"}]}<\/script>\n<!-- \/ Yoast SEO plugin. -->","yoast_head_json":{"title":"Martes de la XX semana del tiempo ordinario - El sitio del P. Ignacio Fern\u00e1ndez Gonz\u00e1lez","robots":{"index":"index","follow":"follow","max-snippet":"max-snippet:-1","max-image-preview":"max-image-preview:large","max-video-preview":"max-video-preview:-1"},"canonical":"http:\/\/igfergon.com.mx\/?p=972","og_locale":"es_ES","og_type":"article","og_title":"Martes de la XX semana del tiempo ordinario - El sitio del P. Ignacio Fern\u00e1ndez Gonz\u00e1lez","og_description":"Jueces 6,11-24a; Mt 19,23-30 Hay personajes en la Biblia que parecer\u00eda que est\u00e1n hablando en nuestros tiempos. Hoy en la primera lectura nos encontramos a Gede\u00f3n que, al recibir el saludo del \u00c1ngel del Se\u00f1or, \u201cEl Se\u00f1or est\u00e1 contigo valiente guerrero\u201d, da una respuesta que a muchos de nosotros nos gustar\u00eda hacer: \u201cPerd\u00f3n, Se\u00f1or m\u00edo. &hellip; Continuar leyendo \"Martes de la XX semana del tiempo ordinario\"","og_url":"http:\/\/igfergon.com.mx\/?p=972","og_site_name":"El sitio del P. Ignacio Fern\u00e1ndez Gonz\u00e1lez","article_publisher":"https:\/\/www.facebook.com\/","article_published_time":"2019-08-20T15:15:17+00:00","author":"igfergon.com.mx","twitter_card":"summary_large_image","twitter_misc":{"Escrito por":"igfergon.com.mx","Tiempo de lectura":"2 minutos"},"schema":{"@context":"https:\/\/schema.org","@graph":[{"@type":"Article","@id":"http:\/\/igfergon.com.mx\/?p=972#article","isPartOf":{"@id":"http:\/\/igfergon.com.mx\/?p=972"},"author":{"name":"igfergon.com.mx","@id":"http:\/\/igfergon.com.mx\/#\/schema\/person\/b42517895faefafe2a81218226d90957"},"headline":"Martes de la XX semana del tiempo ordinario","datePublished":"2019-08-20T15:15:17+00:00","mainEntityOfPage":{"@id":"http:\/\/igfergon.com.mx\/?p=972"},"wordCount":437,"commentCount":0,"publisher":{"@id":"http:\/\/igfergon.com.mx\/#organization"},"keywords":["comentario b\u00edblico","Homil\u00eda","homil\u00eda diaria","liturgia"],"articleSection":["liturgia"],"inLanguage":"es","potentialAction":[{"@type":"CommentAction","name":"Comment","target":["http:\/\/igfergon.com.mx\/?p=972#respond"]}]},{"@type":"WebPage","@id":"http:\/\/igfergon.com.mx\/?p=972","url":"http:\/\/igfergon.com.mx\/?p=972","name":"Martes de la XX semana del tiempo ordinario - El sitio del P. Ignacio Fern\u00e1ndez Gonz\u00e1lez","isPartOf":{"@id":"http:\/\/igfergon.com.mx\/#website"},"datePublished":"2019-08-20T15:15:17+00:00","breadcrumb":{"@id":"http:\/\/igfergon.com.mx\/?p=972#breadcrumb"},"inLanguage":"es","potentialAction":[{"@type":"ReadAction","target":["http:\/\/igfergon.com.mx\/?p=972"]}]},{"@type":"BreadcrumbList","@id":"http:\/\/igfergon.com.mx\/?p=972#breadcrumb","itemListElement":[{"@type":"ListItem","position":1,"name":"Portada","item":"http:\/\/igfergon.com.mx\/"},{"@type":"ListItem","position":2,"name":"Martes de la XX semana del tiempo ordinario"}]},{"@type":"WebSite","@id":"http:\/\/igfergon.com.mx\/#website","url":"http:\/\/igfergon.com.mx\/","name":"El sitio del P. Ignacio Fern\u00e1ndez Gonz\u00e1lez","description":"Para Ayudarte","publisher":{"@id":"http:\/\/igfergon.com.mx\/#organization"},"potentialAction":[{"@type":"SearchAction","target":{"@type":"EntryPoint","urlTemplate":"http:\/\/igfergon.com.mx\/?s={search_term_string}"},"query-input":{"@type":"PropertyValueSpecification","valueRequired":true,"valueName":"search_term_string"}}],"inLanguage":"es"},{"@type":"Organization","@id":"http:\/\/igfergon.com.mx\/#organization","name":"El sitio del P. Ignacio Fern\u00e1ndez Gonz\u00e1lez","url":"http:\/\/igfergon.com.mx\/","logo":{"@type":"ImageObject","inLanguage":"es","@id":"http:\/\/igfergon.com.mx\/#\/schema\/logo\/image\/","url":"http:\/\/igfergon.com.mx\/wp-content\/uploads\/2018\/09\/cropped-ORDNACION02-2.jpg","contentUrl":"http:\/\/igfergon.com.mx\/wp-content\/uploads\/2018\/09\/cropped-ORDNACION02-2.jpg","width":250,"height":250,"caption":"El sitio del P. Ignacio Fern\u00e1ndez Gonz\u00e1lez"},"image":{"@id":"http:\/\/igfergon.com.mx\/#\/schema\/logo\/image\/"},"sameAs":["https:\/\/www.facebook.com\/"]},{"@type":"Person","@id":"http:\/\/igfergon.com.mx\/#\/schema\/person\/b42517895faefafe2a81218226d90957","name":"igfergon.com.mx","image":{"@type":"ImageObject","inLanguage":"es","@id":"http:\/\/igfergon.com.mx\/#\/schema\/person\/image\/","url":"https:\/\/secure.gravatar.com\/avatar\/9fd60c5591f2c6b18e76a917a69f35b0732f8532b3679d0132b3503b545db7a6?s=96&d=mm&r=g","contentUrl":"https:\/\/secure.gravatar.com\/avatar\/9fd60c5591f2c6b18e76a917a69f35b0732f8532b3679d0132b3503b545db7a6?s=96&d=mm&r=g","caption":"igfergon.com.mx"},"url":"http:\/\/igfergon.com.mx\/?author=1"}]}},"_links":{"self":[{"href":"http:\/\/igfergon.com.mx\/index.php?rest_route=\/wp\/v2\/posts\/972","targetHints":{"allow":["GET"]}}],"collection":[{"href":"http:\/\/igfergon.com.mx\/index.php?rest_route=\/wp\/v2\/posts"}],"about":[{"href":"http:\/\/igfergon.com.mx\/index.php?rest_route=\/wp\/v2\/types\/post"}],"author":[{"embeddable":true,"href":"http:\/\/igfergon.com.mx\/index.php?rest_route=\/wp\/v2\/users\/1"}],"replies":[{"embeddable":true,"href":"http:\/\/igfergon.com.mx\/index.php?rest_route=%2Fwp%2Fv2%2Fcomments&post=972"}],"version-history":[{"count":1,"href":"http:\/\/igfergon.com.mx\/index.php?rest_route=\/wp\/v2\/posts\/972\/revisions"}],"predecessor-version":[{"id":973,"href":"http:\/\/igfergon.com.mx\/index.php?rest_route=\/wp\/v2\/posts\/972\/revisions\/973"}],"wp:attachment":[{"href":"http:\/\/igfergon.com.mx\/index.php?rest_route=%2Fwp%2Fv2%2Fmedia&parent=972"}],"wp:term":[{"taxonomy":"category","embeddable":true,"href":"http:\/\/igfergon.com.mx\/index.php?rest_route=%2Fwp%2Fv2%2Fcategories&post=972"},{"taxonomy":"post_tag","embeddable":true,"href":"http:\/\/igfergon.com.mx\/index.php?rest_route=%2Fwp%2Fv2%2Ftags&post=972"}],"curies":[{"name":"wp","href":"https:\/\/api.w.org\/{rel}","templated":true}]}}